{"id":320341,"date":"2024-01-24T09:51:17","date_gmt":"2024-01-24T06:51:17","guid":{"rendered":"https:\/\/sana.sy\/es\/?p=320341"},"modified":"2024-01-24T09:51:17","modified_gmt":"2024-01-24T06:51:17","slug":"ejercito-ruso-frustra-ataque-terrorista-ucraniano-perpetrado-con-drones","status":"publish","type":"post","link":"https:\/\/archive.sana.sy\/es\/?p=320341","title":{"rendered":"Ej\u00e9rcito ruso frustra ataque terrorista ucraniano perpetrado con drones"},"content":{"rendered":"<p style=\"text-align: justify;\"><strong><span style=\"color: #800000;\">Mosc\u00fa, 24 ene (SANA)<\/span> <\/strong>El Ministerio de Defensa ruso anunci\u00f3 que las fuerzas de defensa a\u00e9rea interceptaron cuatro drones ucranianos sobre la regi\u00f3n de Oryol, en el suroeste de Rusia.<\/p>\n<p style=\"text-align: justify;\">\u201cEsta ma\u00f1ana, los sistemas de defensa a\u00e9rea rusos frustraron un intento ucraniano de llevar a cabo un ataque terrorista con drones contra objetivos en la Federaci\u00f3n Rusa\u201d, inform\u00f3 el ente castrense mediante un comunicado.<\/p>\n<p style=\"text-align: justify;\">Por su parte, Andrei Klychkov, gobernador de la provincia de Oryol, anunci\u00f3 que las defensas a\u00e9reas derribaron drones ucranianos que apuntaban a la provincia y que el ataque no provoc\u00f3 v\u00edctimas.<\/p>\n<p style=\"text-align: justify;\">sm<\/p>\n","protected":false},"excerpt":{"rendered":"<p>Mosc\u00fa, 24 ene (SANA) El Ministerio de Defensa ruso anunci\u00f3 que las fuerzas de defensa a\u00e9rea interceptaron cuatro drones ucranianos sobre la regi\u00f3n de Oryol, en el suroeste de Rusia. \u201cEsta ma\u00f1ana, los sistemas de defensa a\u00e9rea rusos frustraron un intento ucraniano de llevar a cabo un ataque terrorista con drones contra objetivos en la &hellip;<\/p>\n","protected":false},"author":39,"featured_media":320342,"comment_status":"closed","ping_status":"closed","sticky":false,"template":"","format":"standard","meta":{"footnotes":""},"categories":[597,456,16687,20724,7541],"tags":[],"class_list":["post-320341","post","type-post","status-publish","format-standard","has-post-thumbnail","","category-cinta-de-noticias","category-arabe-internacional-politica","category-internacionales","category-minuto-a-minuto","category-ultimas-noticias"],"_links":{"self":[{"href":"https:\/\/archive.sana.sy\/es\/index.php?rest_route=\/wp\/v2\/posts\/320341"}],"collection":[{"href":"https:\/\/archive.sana.sy\/es\/index.php?rest_route=\/wp\/v2\/posts"}],"about":[{"href":"https:\/\/archive.sana.sy\/es\/index.php?rest_route=\/wp\/v2\/types\/post"}],"author":[{"embeddable":true,"href":"https:\/\/archive.sana.sy\/es\/index.php?rest_route=\/wp\/v2\/users\/39"}],"replies":[{"embeddable":true,"href":"https:\/\/archive.sana.sy\/es\/index.php?rest_route=%2Fwp%2Fv2%2Fcomments&post=320341"}],"version-history":[{"count":1,"href":"https:\/\/archive.sana.sy\/es\/index.php?rest_route=\/wp\/v2\/posts\/320341\/revisions"}],"predecessor-version":[{"id":320343,"href":"https:\/\/archive.sana.sy\/es\/index.php?rest_route=\/wp\/v2\/posts\/320341\/revisions\/320343"}],"wp:featuredmedia":[{"embeddable":true,"href":"https:\/\/archive.sana.sy\/es\/index.php?rest_route=\/wp\/v2\/media\/320342"}],"wp:attachment":[{"href":"https:\/\/archive.sana.sy\/es\/index.php?rest_route=%2Fwp%2Fv2%2Fmedia&parent=320341"}],"wp:term":[{"taxonomy":"category","embeddable":true,"href":"https:\/\/archive.sana.sy\/es\/index.php?rest_route=%2Fwp%2Fv2%2Fcategories&post=320341"},{"taxonomy":"post_tag","embeddable":true,"href":"https:\/\/archive.sana.sy\/es\/index.php?rest_route=%2Fwp%2Fv2%2Ftags&post=320341"}],"curies":[{"name":"wp","href":"https:\/\/api.w.org\/{rel}","templated":true}]}}