{"id":320404,"date":"2024-01-24T20:21:59","date_gmt":"2024-01-24T17:21:59","guid":{"rendered":"https:\/\/sana.sy\/es\/?p=320404"},"modified":"2024-01-24T20:21:59","modified_gmt":"2024-01-24T17:21:59","slug":"cancilleria-rusa-ataque-contra-el-avion-ruso-il-76-fue-deliberado-y-sus-autores-seran-castigados","status":"publish","type":"post","link":"https:\/\/archive.sana.sy\/es\/?p=320404","title":{"rendered":"Canciller\u00eda rusa: Ataque contra el avi\u00f3n ruso Il-76 fue deliberado y sus autores ser\u00e1n castigados"},"content":{"rendered":"<p style=\"text-align: justify\"><span style=\"color: #800000\"><strong>Mosc\u00fa, 24 ene (SANA)<\/strong> <\/span>El Ministerio de Asuntos Exteriores ruso confirm\u00f3 que el ataque que lanz\u00f3 Kiev este mi\u00e9rcoles contra el avi\u00f3n de transporte militar ruso Il-76 en la provincia de Belgorod \u201cfue deliberado\u201d, y reiter\u00f3 su condena a este \u201cacto terrorista\u201d.<\/p>\n<p style=\"text-align: justify\">&#8220;El ataque contra el avi\u00f3n fue un acto deliberado y muestra claramente la incapacidad del r\u00e9gimen de Kiev para negociar y la indiferencia de sus l\u00edderes por la vida de las personas.\u201d, cit\u00f3 Sputnik a la Canciller\u00eda rusa.<\/p>\n<p style=\"text-align: justify\">Confirm\u00f3 que todos los involucrados en este accidente ser\u00e1n identificados y sufrir\u00e1 un castigo inevitable de acuerdo con las leyes rusas.<\/p>\n<p style=\"text-align: justify\">Dirigi\u00f3 un llamamiento a los organismos internacionales para condenar esta acci\u00f3n criminal, y consider\u00f3 que su silencio significa afirma su apoyo a la \u201cbrutalidad\u201d de Kiev.<\/p>\n<p style=\"text-align: justify\">El Ministerio de Defensa ruso inform\u00f3 hoy que un avi\u00f3n de transporte militar ruso Il-76 se hab\u00eda estrellado en la provincia de Belgorod, con 73 personas a bordo, 65 de los cuales eran prisioneros de guerra ucranianos que iban a ser canjeados.<\/p>\n<p style=\"text-align: justify\">\n<p style=\"text-align: justify\">la<\/p>\n","protected":false},"excerpt":{"rendered":"<p>Mosc\u00fa, 24 ene (SANA) El Ministerio de Asuntos Exteriores ruso confirm\u00f3 que el ataque que lanz\u00f3 Kiev este mi\u00e9rcoles contra el avi\u00f3n de transporte militar ruso Il-76 en la provincia de Belgorod \u201cfue deliberado\u201d, y reiter\u00f3 su condena a este \u201cacto terrorista\u201d. &#8220;El ataque contra el avi\u00f3n fue un acto deliberado y muestra claramente la &hellip;<\/p>\n","protected":false},"author":24,"featured_media":320405,"comment_status":"closed","ping_status":"closed","sticky":false,"template":"","format":"standard","meta":{"footnotes":""},"categories":[597,456,16687,20724,7541],"tags":[],"class_list":["post-320404","post","type-post","status-publish","format-standard","has-post-thumbnail","","category-cinta-de-noticias","category-arabe-internacional-politica","category-internacionales","category-minuto-a-minuto","category-ultimas-noticias"],"_links":{"self":[{"href":"https:\/\/archive.sana.sy\/es\/index.php?rest_route=\/wp\/v2\/posts\/320404"}],"collection":[{"href":"https:\/\/archive.sana.sy\/es\/index.php?rest_route=\/wp\/v2\/posts"}],"about":[{"href":"https:\/\/archive.sana.sy\/es\/index.php?rest_route=\/wp\/v2\/types\/post"}],"author":[{"embeddable":true,"href":"https:\/\/archive.sana.sy\/es\/index.php?rest_route=\/wp\/v2\/users\/24"}],"replies":[{"embeddable":true,"href":"https:\/\/archive.sana.sy\/es\/index.php?rest_route=%2Fwp%2Fv2%2Fcomments&post=320404"}],"version-history":[{"count":1,"href":"https:\/\/archive.sana.sy\/es\/index.php?rest_route=\/wp\/v2\/posts\/320404\/revisions"}],"predecessor-version":[{"id":320406,"href":"https:\/\/archive.sana.sy\/es\/index.php?rest_route=\/wp\/v2\/posts\/320404\/revisions\/320406"}],"wp:featuredmedia":[{"embeddable":true,"href":"https:\/\/archive.sana.sy\/es\/index.php?rest_route=\/wp\/v2\/media\/320405"}],"wp:attachment":[{"href":"https:\/\/archive.sana.sy\/es\/index.php?rest_route=%2Fwp%2Fv2%2Fmedia&parent=320404"}],"wp:term":[{"taxonomy":"category","embeddable":true,"href":"https:\/\/archive.sana.sy\/es\/index.php?rest_route=%2Fwp%2Fv2%2Fcategories&post=320404"},{"taxonomy":"post_tag","embeddable":true,"href":"https:\/\/archive.sana.sy\/es\/index.php?rest_route=%2Fwp%2Fv2%2Ftags&post=320404"}],"curies":[{"name":"wp","href":"https:\/\/api.w.org\/{rel}","templated":true}]}}