{"id":320428,"date":"2024-01-25T11:35:52","date_gmt":"2024-01-25T08:35:52","guid":{"rendered":"https:\/\/sana.sy\/es\/?p=320428"},"modified":"2024-01-25T11:35:57","modified_gmt":"2024-01-25T08:35:57","slug":"funcionario-ruso-explica-motivos-del-derribo-del-avion-ruso-por-parte-kiev","status":"publish","type":"post","link":"https:\/\/archive.sana.sy\/es\/?p=320428","title":{"rendered":"Funcionario ruso explica motivos del derribo del avi\u00f3n ruso por parte Kiev"},"content":{"rendered":"<p style=\"text-align: justify;\"><span style=\"color: #800000;\"><strong>Mosc\u00fa, 25 ene (SANA)<\/strong><\/span>\u00a0 El jefe del Consejo de Coordinaci\u00f3n para la Integraci\u00f3n de las Regiones reci\u00e9n incorporadas a Rusia, Vladimir Rogov, opin\u00f3 que las fuerzas ucranianas derribaron el avi\u00f3n (Il-76) por al menos tres razones.<\/p>\n<p style=\"text-align: justify;\">\u00a0\u201cEl ataque fue llevado a cabo por parte de las fuerzas ucranianas intencional y deliberadamente para demostrarle a Occidente la capacidad de Kiev de seguir matando a los rusos, adem\u00e1s de obstaculizar todas las negociaciones sobre el intercambio de prisioneros e intimidar a los soldados ucranianos para que no se rindan a Rusia\u201d, dijo el funcionario ruso a la Agencia Novosti.<\/p>\n<p style=\"text-align: justify;\">Ayer, el Ministerio de Defensa ruso anunci\u00f3 el accidente de un avi\u00f3n de transporte militar Il-76 en la provincia rusa de Belgorod, que transportaba a 65 soldados capturados de las fuerzas ucranianas, 6 miembros de la tripulaci\u00f3n y otras 3 personas.<\/p>\n<p style=\"text-align: justify;\">sm<\/p>\n","protected":false},"excerpt":{"rendered":"<p>Mosc\u00fa, 25 ene (SANA)\u00a0 El jefe del Consejo de Coordinaci\u00f3n para la Integraci\u00f3n de las Regiones reci\u00e9n incorporadas a Rusia, Vladimir Rogov, opin\u00f3 que las fuerzas ucranianas derribaron el avi\u00f3n (Il-76) por al menos tres razones. \u00a0\u201cEl ataque fue llevado a cabo por parte de las fuerzas ucranianas intencional y deliberadamente para demostrarle a Occidente &hellip;<\/p>\n","protected":false},"author":39,"featured_media":320429,"comment_status":"closed","ping_status":"closed","sticky":false,"template":"","format":"standard","meta":{"footnotes":""},"categories":[597,456,16687,20724,7541],"tags":[],"class_list":["post-320428","post","type-post","status-publish","format-standard","has-post-thumbnail","","category-cinta-de-noticias","category-arabe-internacional-politica","category-internacionales","category-minuto-a-minuto","category-ultimas-noticias"],"_links":{"self":[{"href":"https:\/\/archive.sana.sy\/es\/index.php?rest_route=\/wp\/v2\/posts\/320428"}],"collection":[{"href":"https:\/\/archive.sana.sy\/es\/index.php?rest_route=\/wp\/v2\/posts"}],"about":[{"href":"https:\/\/archive.sana.sy\/es\/index.php?rest_route=\/wp\/v2\/types\/post"}],"author":[{"embeddable":true,"href":"https:\/\/archive.sana.sy\/es\/index.php?rest_route=\/wp\/v2\/users\/39"}],"replies":[{"embeddable":true,"href":"https:\/\/archive.sana.sy\/es\/index.php?rest_route=%2Fwp%2Fv2%2Fcomments&post=320428"}],"version-history":[{"count":1,"href":"https:\/\/archive.sana.sy\/es\/index.php?rest_route=\/wp\/v2\/posts\/320428\/revisions"}],"predecessor-version":[{"id":320430,"href":"https:\/\/archive.sana.sy\/es\/index.php?rest_route=\/wp\/v2\/posts\/320428\/revisions\/320430"}],"wp:featuredmedia":[{"embeddable":true,"href":"https:\/\/archive.sana.sy\/es\/index.php?rest_route=\/wp\/v2\/media\/320429"}],"wp:attachment":[{"href":"https:\/\/archive.sana.sy\/es\/index.php?rest_route=%2Fwp%2Fv2%2Fmedia&parent=320428"}],"wp:term":[{"taxonomy":"category","embeddable":true,"href":"https:\/\/archive.sana.sy\/es\/index.php?rest_route=%2Fwp%2Fv2%2Fcategories&post=320428"},{"taxonomy":"post_tag","embeddable":true,"href":"https:\/\/archive.sana.sy\/es\/index.php?rest_route=%2Fwp%2Fv2%2Ftags&post=320428"}],"curies":[{"name":"wp","href":"https:\/\/api.w.org\/{rel}","templated":true}]}}