{"id":320435,"date":"2024-01-25T12:13:09","date_gmt":"2024-01-25T09:13:09","guid":{"rendered":"https:\/\/sana.sy\/es\/?p=320435"},"modified":"2024-01-25T14:39:07","modified_gmt":"2024-01-25T11:39:07","slug":"damasco-el-objetivo-de-las-repetidas-agresiones-israelies-contra-siria-es-apoyar-a-las-organizaciones-terroristas","status":"publish","type":"post","link":"https:\/\/archive.sana.sy\/es\/?p=320435","title":{"rendered":"Sabbagh ante XXI Reuni\u00f3n Internacional de Astan\u00e1 llama a eliminar el terrorismo y poner fin a la presencia militar extranjera ilegal en Siria"},"content":{"rendered":"<p style=\"text-align: justify;\"><span style=\"color: #800000;\"><strong>Astan\u00e1, 25 ene (SANA)<\/strong> <\/span>El jefe de la delegaci\u00f3n siria a la XXI Reuni\u00f3n Internacional en formato Astan\u00e1 sobre Siria, el viceministro de Asuntos Exteriores y Expatriados, Bassam Sabbagh, subray\u00f3 la necesidad de eliminar a todas las organizaciones terroristas y poner fin a la presencia militar extranjera ilegal en territorios sirios y comprometerse a respetar la soberan\u00eda, la unidad y la integridad territorial del pa\u00eds.<\/p>\n<p style=\"text-align: justify;\">Sabbagh dijo durante una rueda de prensa al concluir la reuni\u00f3n que el retorno de los refugiados sirios a su patria representa una prioridad para el gobierno sirio y que se est\u00e1 trabajando con las Naciones Unidas para proporcionar las facilidades necesarias para ello.<\/p>\n<p style=\"text-align: justify;\">\u201c La delegaci\u00f3n siria celebr\u00f3 reuniones bilaterales con las delegaciones rusa e iran\u00ed, y expresamos nuestro agradecimiento a los amigos rusos e iran\u00edes por la cooperaci\u00f3n continua y coordinaci\u00f3n entre nosotros en diversos campos\u201d, a\u00f1adi\u00f3 el vicecanciller.<\/p>\n<p style=\"text-align: justify;\">Adem\u00e1s, el diplom\u00e1tico sirio enfatiz\u00f3 la necesidad de levantar inmediata e incondicionalmente las medidas coercitivas unilaterales impuestas por EEUU y la Uni\u00f3n Europea al pueblo sirio.<\/p>\n<p style=\"text-align: justify;\">Asimismo, se\u00f1al\u00f3 que las repetidas y sistem\u00e1ticas agresiones israel\u00edes contra Siria tienen como objetivo brindar apoyo y respaldo a las organizaciones terroristas con el fin de mantener un estado de inestabilidad en el pa\u00eds.<\/p>\n<p style=\"text-align: justify;\">Sabbagh explic\u00f3 que la delegaci\u00f3n siria se reuni\u00f3 con el Enviado Especial Adjunto del Secretario General de las Naciones Unidas para Siria donde ambas partes analizaron cuestiones relacionadas con el trabajo del referido funcionario de la ONU y la importancia del proceso de Astan\u00e1 y sus resultados.<\/p>\n<p style=\"text-align: justify;\">El funcionario siro se\u00f1al\u00f3 que la delegaci\u00f3n siria, adem\u00e1s, present\u00f3 los esfuerzos realizados por el Estado sirio para consolidar la seguridad y la estabilidad mediante reconciliaciones nacionales, emitir sucesivos decretos de amnist\u00eda y garantizar el flujo de ayuda humanitaria en cooperaci\u00f3n con la ONU y las organizaciones internacionales pertinentes.<\/p>\n<p style=\"text-align: justify;\">En cuanto al tema del retorno de los refugiados, Sabbagh subray\u00f3 que este asunto representa un objetivo fundamental para Siria, y se est\u00e1 trabajando en cooperaci\u00f3n y coordinaci\u00f3n con el Alto Comisionado de las Naciones Unidas para los Refugiados para proporcionar las condiciones e instalaciones adecuadas necesarias para asegurar un retorno digno.<\/p>\n<p style=\"text-align: justify;\">En su respuesta a una pregunta sobre el restablecimiento de las relaciones entre Siria y Turqu\u00eda, Sabbagh dijo: \u201cSubrayamos durante las reuniones anteriores y lo repetimos hoy que la retirada de las fuerzas turcas presentes ilegalmente en territorio sirio es una condici\u00f3n b\u00e1sica para el regreso de estas relaciones, ya que los v\u00ednculos no pueden volver a la normalidad a la luz de la continua violaci\u00f3n por parte de Turqu\u00eda\u201d.<\/p>\n<p style=\"text-align: justify;\">Con respecto a la presencia ilegal estadounidense en la regi\u00f3n siria de Al-Yazira, Sabbagh destac\u00f3 que esta presencia viola la soberan\u00eda de Siria y socava los esfuerzos para eliminar las organizaciones terroristas, especialmente (Daesh), e indic\u00f3 que Washington sigue privando al pueblo sirio de su riquezas nacionales, sobre todo el petr\u00f3leo y el trigo.<\/p>\n<p style=\"text-align: justify;\">sm\/lo<\/p>\n","protected":false},"excerpt":{"rendered":"<p>Astan\u00e1, 25 ene (SANA) El jefe de la delegaci\u00f3n siria a la XXI Reuni\u00f3n Internacional en formato Astan\u00e1 sobre Siria, el viceministro de Asuntos Exteriores y Expatriados, Bassam Sabbagh, subray\u00f3 la necesidad de eliminar a todas las organizaciones terroristas y poner fin a la presencia militar extranjera ilegal en territorios sirios y comprometerse a respetar &hellip;<\/p>\n","protected":false},"author":39,"featured_media":320436,"comment_status":"closed","ping_status":"closed","sticky":false,"template":"","format":"standard","meta":{"footnotes":""},"categories":[597,20724,467,583],"tags":[],"class_list":["post-320435","post","type-post","status-publish","format-standard","has-post-thumbnail","","category-cinta-de-noticias","category-minuto-a-minuto","category-siria-y-el-mundo","category-slide"],"_links":{"self":[{"href":"https:\/\/archive.sana.sy\/es\/index.php?rest_route=\/wp\/v2\/posts\/320435"}],"collection":[{"href":"https:\/\/archive.sana.sy\/es\/index.php?rest_route=\/wp\/v2\/posts"}],"about":[{"href":"https:\/\/archive.sana.sy\/es\/index.php?rest_route=\/wp\/v2\/types\/post"}],"author":[{"embeddable":true,"href":"https:\/\/archive.sana.sy\/es\/index.php?rest_route=\/wp\/v2\/users\/39"}],"replies":[{"embeddable":true,"href":"https:\/\/archive.sana.sy\/es\/index.php?rest_route=%2Fwp%2Fv2%2Fcomments&post=320435"}],"version-history":[{"count":15,"href":"https:\/\/archive.sana.sy\/es\/index.php?rest_route=\/wp\/v2\/posts\/320435\/revisions"}],"predecessor-version":[{"id":320479,"href":"https:\/\/archive.sana.sy\/es\/index.php?rest_route=\/wp\/v2\/posts\/320435\/revisions\/320479"}],"wp:featuredmedia":[{"embeddable":true,"href":"https:\/\/archive.sana.sy\/es\/index.php?rest_route=\/wp\/v2\/media\/320436"}],"wp:attachment":[{"href":"https:\/\/archive.sana.sy\/es\/index.php?rest_route=%2Fwp%2Fv2%2Fmedia&parent=320435"}],"wp:term":[{"taxonomy":"category","embeddable":true,"href":"https:\/\/archive.sana.sy\/es\/index.php?rest_route=%2Fwp%2Fv2%2Fcategories&post=320435"},{"taxonomy":"post_tag","embeddable":true,"href":"https:\/\/archive.sana.sy\/es\/index.php?rest_route=%2Fwp%2Fv2%2Ftags&post=320435"}],"curies":[{"name":"wp","href":"https:\/\/api.w.org\/{rel}","templated":true}]}}