{"id":320438,"date":"2024-01-25T12:20:26","date_gmt":"2024-01-25T09:20:26","guid":{"rendered":"https:\/\/sana.sy\/es\/?p=320438"},"modified":"2024-01-25T17:03:36","modified_gmt":"2024-01-25T14:03:36","slug":"el-minuto-a-minuto-de-la-agresion-israeli-a-gaza-20","status":"publish","type":"post","link":"https:\/\/archive.sana.sy\/es\/?p=320438","title":{"rendered":"El Minuto a minuto de la agresi\u00f3n israel\u00ed a Gaza"},"content":{"rendered":"<p style=\"text-align: justify;\"><span style=\"color: #800000;\"><strong>Jerusal\u00e9n ocupada, 25 ene (SANA)<\/strong><\/span> \u00a0<strong>A continuaci\u00f3n, los desarrollos m\u00e1s recientes sobre la agresi\u00f3n israel\u00ed contra la Franja de Gaza:<\/strong><\/p>\n<p style=\"text-align: justify;\">\u2b55\ufe0f Nueva masacre israel\u00ed a Gaza cobra la vida de m\u00e1s de 20 palestinos.<\/p>\n<p style=\"text-align: justify;\">\u2b55\ufe0f Resistencia iraqu\u00ed ataca con drones el puerto Ashdod en palestina ocupada<\/p>\n<p style=\"text-align: justify;\">\u2b55\ufe0f Resistencia palestina ataca con morteros varios veh\u00edculos militares del enemigo israel\u00ed estacionados en el este de Rafah, al sur de la Franja de Gaza.<\/p>\n<p style=\"text-align: justify;\">\u2b55\ufe0f Tres muertos , entre ellos dos ni\u00f1os, en bombardeo israel\u00ed contra la zona occidental de &#8220;Satar&#8221; en la ciudad de Jan Yunis, al sur de Gaza.<\/p>\n<p style=\"text-align: justify;\">\u2b55\ufe0f Resistencia palestina ataca con un proyectil TBG un grupo de 15 soldados israel\u00edes que se atrincheraban en una casa en Khan Yunis, sur de Gaza, dejando muertos y heridos entre sus filas<\/p>\n<p style=\"text-align: justify;\">\u2b55\ufe0fResistencia palestina ataca con proyectiles &#8220;Yassin-105&#8221; 4 tanques israel\u00edes tipo Merkava, un veh\u00edculo de transporte de soldados y una topadora del enemigo en Khan Yunis, al sur de Gaza<\/p>\n","protected":false},"excerpt":{"rendered":"<p>Jerusal\u00e9n ocupada, 25 ene (SANA) \u00a0A continuaci\u00f3n, los desarrollos m\u00e1s recientes sobre la agresi\u00f3n israel\u00ed contra la Franja de Gaza: \u2b55\ufe0f Nueva masacre israel\u00ed a Gaza cobra la vida de m\u00e1s de 20 palestinos. \u2b55\ufe0f Resistencia iraqu\u00ed ataca con drones el puerto Ashdod en palestina ocupada \u2b55\ufe0f Resistencia palestina ataca con morteros varios veh\u00edculos militares &hellip;<\/p>\n","protected":false},"author":35,"featured_media":320439,"comment_status":"closed","ping_status":"closed","sticky":false,"template":"","format":"standard","meta":{"footnotes":""},"categories":[597,456,16687,20724,583],"tags":[],"class_list":["post-320438","post","type-post","status-publish","format-standard","has-post-thumbnail","","category-cinta-de-noticias","category-arabe-internacional-politica","category-internacionales","category-minuto-a-minuto","category-slide"],"_links":{"self":[{"href":"https:\/\/archive.sana.sy\/es\/index.php?rest_route=\/wp\/v2\/posts\/320438"}],"collection":[{"href":"https:\/\/archive.sana.sy\/es\/index.php?rest_route=\/wp\/v2\/posts"}],"about":[{"href":"https:\/\/archive.sana.sy\/es\/index.php?rest_route=\/wp\/v2\/types\/post"}],"author":[{"embeddable":true,"href":"https:\/\/archive.sana.sy\/es\/index.php?rest_route=\/wp\/v2\/users\/35"}],"replies":[{"embeddable":true,"href":"https:\/\/archive.sana.sy\/es\/index.php?rest_route=%2Fwp%2Fv2%2Fcomments&post=320438"}],"version-history":[{"count":5,"href":"https:\/\/archive.sana.sy\/es\/index.php?rest_route=\/wp\/v2\/posts\/320438\/revisions"}],"predecessor-version":[{"id":320501,"href":"https:\/\/archive.sana.sy\/es\/index.php?rest_route=\/wp\/v2\/posts\/320438\/revisions\/320501"}],"wp:featuredmedia":[{"embeddable":true,"href":"https:\/\/archive.sana.sy\/es\/index.php?rest_route=\/wp\/v2\/media\/320439"}],"wp:attachment":[{"href":"https:\/\/archive.sana.sy\/es\/index.php?rest_route=%2Fwp%2Fv2%2Fmedia&parent=320438"}],"wp:term":[{"taxonomy":"category","embeddable":true,"href":"https:\/\/archive.sana.sy\/es\/index.php?rest_route=%2Fwp%2Fv2%2Fcategories&post=320438"},{"taxonomy":"post_tag","embeddable":true,"href":"https:\/\/archive.sana.sy\/es\/index.php?rest_route=%2Fwp%2Fv2%2Ftags&post=320438"}],"curies":[{"name":"wp","href":"https:\/\/api.w.org\/{rel}","templated":true}]}}