{"id":320447,"date":"2024-01-25T12:58:54","date_gmt":"2024-01-25T09:58:54","guid":{"rendered":"https:\/\/sana.sy\/es\/?p=320447"},"modified":"2024-01-25T14:37:01","modified_gmt":"2024-01-25T11:37:01","slug":"declaracion-final-de-astana-aboga-por-combatir-el-terrorismo-en-siria-y-crear-condiciones-apropiadas-para-el-retorno-de-los-refugiados","status":"publish","type":"post","link":"https:\/\/archive.sana.sy\/es\/?p=320447","title":{"rendered":"Declaraci\u00f3n final de Astan\u00e1 llama a combatir el terrorismo en Siria e impulsar el retorno de los refugiados"},"content":{"rendered":"<p style=\"text-align: justify;\"><span style=\"color: #800000;\"><strong>Astan\u00e1, 25 ene (SANA)<\/strong> <\/span>Los estados garantes del proceso de Astan\u00e1 reiteraron su firme compromiso con la soberan\u00eda, independencia, e integridad territorial de Siria y con los objetivos y principios de la Carta de las Naciones Unidas.<\/p>\n<p style=\"text-align: justify;\">En la declaraci\u00f3n final de la XXI Reuni\u00f3n Internacional sobre Siria en el formato de Astan\u00e1, los pa\u00edses garantes afirmaron su determinaci\u00f3n de emprender acciones conjuntas para combatir el terrorismo en todas sus formas y manifestaciones y hacer frente a las agendas separatistas destinadas a socavar la soberan\u00eda de Siria y su integridad territorial, adem\u00e1s de amenazar la seguridad regional de los pa\u00edses vecinos.<\/p>\n<p style=\"text-align: justify;\">Adem\u00e1s, Los pa\u00edses garantes destacaron la importancia de impulsar el proceso de Astan\u00e1 para combatir el terrorismo y crear condiciones apropiadas para el retorno de los refugiados, adem\u00e1s de la necesidad de facilitar el acceso de la ayuda humanitaria a Siria.<\/p>\n<p style=\"text-align: justify;\">Asimismo, enfatizaron su oposici\u00f3n a la confiscaci\u00f3n y el traslado ilegal de ingresos petroleros que pertenecen a Siria.<\/p>\n<p style=\"text-align: justify;\">Tambi\u00e9n, los Estados garantes condenaron todas las sanciones unilaterales que violan el derecho internacional, el derecho humanitario y la Carta de las Naciones Unidas.<\/p>\n<p style=\"text-align: justify;\">Los pa\u00edses afirmaron que se seguir\u00e1 proporcionando ayuda humanitaria a Siria en conformidad con el derecho internacional y que los donantes proporcionar\u00e1n fondos suficientes para la asistencia humanitaria a todos los sirios, y acogieron con agrado que el gobierno de la Rep\u00fablica \u00c1rabe Siria facilite el acceso de la ayuda humanitaria a todas las regiones.<\/p>\n<p style=\"text-align: justify;\">Los pa\u00edses garantes acordaron celebrar la vig\u00e9simo segunda Reuni\u00f3n Internacional sobre Siria en el segundo semestre de 2024.<\/p>\n<p style=\"text-align: justify;\">sm\/lo<\/p>\n","protected":false},"excerpt":{"rendered":"<p>Astan\u00e1, 25 ene (SANA) Los estados garantes del proceso de Astan\u00e1 reiteraron su firme compromiso con la soberan\u00eda, independencia, e integridad territorial de Siria y con los objetivos y principios de la Carta de las Naciones Unidas. En la declaraci\u00f3n final de la XXI Reuni\u00f3n Internacional sobre Siria en el formato de Astan\u00e1, los pa\u00edses &hellip;<\/p>\n","protected":false},"author":39,"featured_media":320448,"comment_status":"closed","ping_status":"closed","sticky":false,"template":"","format":"standard","meta":{"footnotes":""},"categories":[597,20724,467,583],"tags":[],"class_list":["post-320447","post","type-post","status-publish","format-standard","has-post-thumbnail","","category-cinta-de-noticias","category-minuto-a-minuto","category-siria-y-el-mundo","category-slide"],"_links":{"self":[{"href":"https:\/\/archive.sana.sy\/es\/index.php?rest_route=\/wp\/v2\/posts\/320447"}],"collection":[{"href":"https:\/\/archive.sana.sy\/es\/index.php?rest_route=\/wp\/v2\/posts"}],"about":[{"href":"https:\/\/archive.sana.sy\/es\/index.php?rest_route=\/wp\/v2\/types\/post"}],"author":[{"embeddable":true,"href":"https:\/\/archive.sana.sy\/es\/index.php?rest_route=\/wp\/v2\/users\/39"}],"replies":[{"embeddable":true,"href":"https:\/\/archive.sana.sy\/es\/index.php?rest_route=%2Fwp%2Fv2%2Fcomments&post=320447"}],"version-history":[{"count":7,"href":"https:\/\/archive.sana.sy\/es\/index.php?rest_route=\/wp\/v2\/posts\/320447\/revisions"}],"predecessor-version":[{"id":320478,"href":"https:\/\/archive.sana.sy\/es\/index.php?rest_route=\/wp\/v2\/posts\/320447\/revisions\/320478"}],"wp:featuredmedia":[{"embeddable":true,"href":"https:\/\/archive.sana.sy\/es\/index.php?rest_route=\/wp\/v2\/media\/320448"}],"wp:attachment":[{"href":"https:\/\/archive.sana.sy\/es\/index.php?rest_route=%2Fwp%2Fv2%2Fmedia&parent=320447"}],"wp:term":[{"taxonomy":"category","embeddable":true,"href":"https:\/\/archive.sana.sy\/es\/index.php?rest_route=%2Fwp%2Fv2%2Fcategories&post=320447"},{"taxonomy":"post_tag","embeddable":true,"href":"https:\/\/archive.sana.sy\/es\/index.php?rest_route=%2Fwp%2Fv2%2Ftags&post=320447"}],"curies":[{"name":"wp","href":"https:\/\/api.w.org\/{rel}","templated":true}]}}