{"id":320484,"date":"2024-01-25T18:36:32","date_gmt":"2024-01-25T15:36:32","guid":{"rendered":"https:\/\/sana.sy\/es\/?p=320484"},"modified":"2024-01-25T18:43:25","modified_gmt":"2024-01-25T15:43:25","slug":"eeuu-es-la-principal-causa-de-inestabilidad-en-siria-afirma-lavrentiev","status":"publish","type":"post","link":"https:\/\/archive.sana.sy\/es\/?p=320484","title":{"rendered":"EEUU es el principal causante de inestabilidad en Siria, afirma Lavrentiev"},"content":{"rendered":"<p style=\"text-align: justify;\"><span style=\"color: #800000;\"><strong>Astan\u00e1, 25 ene (SANA)<\/strong><\/span>\u00a0 El Representante Especial del presidente ruso en Siria, Alexander Lavrentiev, confirm\u00f3 que Estados Unidos es la principal causa de inestabilidad en Siria al persistir su presencia militar ilegal all\u00ed y apoyar a organizaciones terroristas y grupos separatistas.<\/p>\n<p style=\"text-align: justify;\">Lavrentiev dijo hoy durante una conferencia de prensa al concluir la 21\u00aa Reuni\u00f3n Internacional en el formato de Astan\u00e1 sobre Siria: \u201cDurante las sesiones de la Reuni\u00f3n se abordaron la situaci\u00f3n en Siria y los desaf\u00edos que enfrenta el pa\u00eds \u00e1rabe como resultado de las medidas econ\u00f3micas coercitivas impuestas por EEUU y los pa\u00edses europeos, adem\u00e1s de la necesidad de enfrentar las agendas separatistas de los grupos respaldados por Washington.\u201d<\/p>\n<p style=\"text-align: justify;\">El alto funcionario ruso a\u00f1adi\u00f3 que su pa\u00eds e Ir\u00e1n concuerdan en que la presencia ilegal estadounidense en las regiones sirias de Al-Yazira y Al-Tanf es la raz\u00f3n principal de la actual inestabilidad en Siria, ya que las tropas estadounidenses presentes all\u00ed siguen saqueando las riquezas naciones sirias, adem\u00e1s de alentar tendencias separatistas y apoyar a organizaciones terroristas, especialmente \u201cDaesh\u201d.<\/p>\n<p style=\"text-align: justify;\">Asimismo, se\u00f1al\u00f3 que los ataques israel\u00edes contra territorio sirio y los bombardeos a centros civiles y aeropuertos son una violaci\u00f3n flagrante de todas las normas y leyes internacionales, e inst\u00f3 a la comunidad internacional trabajar para poner fin a estos repetidos ataques contra Siria y el L\u00edbano, y cesar la continua agresi\u00f3n sionista contra el pueblo palestino en la Franja de Gaza.<\/p>\n<p style=\"text-align: justify;\">sm<\/p>\n","protected":false},"excerpt":{"rendered":"<p>Astan\u00e1, 25 ene (SANA)\u00a0 El Representante Especial del presidente ruso en Siria, Alexander Lavrentiev, confirm\u00f3 que Estados Unidos es la principal causa de inestabilidad en Siria al persistir su presencia militar ilegal all\u00ed y apoyar a organizaciones terroristas y grupos separatistas. Lavrentiev dijo hoy durante una conferencia de prensa al concluir la 21\u00aa Reuni\u00f3n Internacional &hellip;<\/p>\n","protected":false},"author":39,"featured_media":320485,"comment_status":"closed","ping_status":"closed","sticky":false,"template":"","format":"standard","meta":{"footnotes":""},"categories":[597,20724,467,7541],"tags":[],"class_list":["post-320484","post","type-post","status-publish","format-standard","has-post-thumbnail","","category-cinta-de-noticias","category-minuto-a-minuto","category-siria-y-el-mundo","category-ultimas-noticias"],"_links":{"self":[{"href":"https:\/\/archive.sana.sy\/es\/index.php?rest_route=\/wp\/v2\/posts\/320484"}],"collection":[{"href":"https:\/\/archive.sana.sy\/es\/index.php?rest_route=\/wp\/v2\/posts"}],"about":[{"href":"https:\/\/archive.sana.sy\/es\/index.php?rest_route=\/wp\/v2\/types\/post"}],"author":[{"embeddable":true,"href":"https:\/\/archive.sana.sy\/es\/index.php?rest_route=\/wp\/v2\/users\/39"}],"replies":[{"embeddable":true,"href":"https:\/\/archive.sana.sy\/es\/index.php?rest_route=%2Fwp%2Fv2%2Fcomments&post=320484"}],"version-history":[{"count":3,"href":"https:\/\/archive.sana.sy\/es\/index.php?rest_route=\/wp\/v2\/posts\/320484\/revisions"}],"predecessor-version":[{"id":320493,"href":"https:\/\/archive.sana.sy\/es\/index.php?rest_route=\/wp\/v2\/posts\/320484\/revisions\/320493"}],"wp:featuredmedia":[{"embeddable":true,"href":"https:\/\/archive.sana.sy\/es\/index.php?rest_route=\/wp\/v2\/media\/320485"}],"wp:attachment":[{"href":"https:\/\/archive.sana.sy\/es\/index.php?rest_route=%2Fwp%2Fv2%2Fmedia&parent=320484"}],"wp:term":[{"taxonomy":"category","embeddable":true,"href":"https:\/\/archive.sana.sy\/es\/index.php?rest_route=%2Fwp%2Fv2%2Fcategories&post=320484"},{"taxonomy":"post_tag","embeddable":true,"href":"https:\/\/archive.sana.sy\/es\/index.php?rest_route=%2Fwp%2Fv2%2Ftags&post=320484"}],"curies":[{"name":"wp","href":"https:\/\/api.w.org\/{rel}","templated":true}]}}