{"id":320502,"date":"2024-01-25T18:40:59","date_gmt":"2024-01-25T15:40:59","guid":{"rendered":"https:\/\/sana.sy\/es\/?p=320502"},"modified":"2024-01-25T18:43:04","modified_gmt":"2024-01-25T15:43:04","slug":"siria-ante-la-oms-el-mundo-perdio-su-brujula-moral-al-fracasar-en-imponer-un-alto-el-fuego-permanente-en-gaza","status":"publish","type":"post","link":"https:\/\/archive.sana.sy\/es\/?p=320502","title":{"rendered":"Siria ante la OMS: El mundo perdi\u00f3 su br\u00fajula moral al fracasar en imponer un alto el fuego permanente en Gaza"},"content":{"rendered":"<p style=\"text-align: justify;\"><span style=\"color: #800000;\"><strong>Ginebra, 25 ene (SANA)<\/strong> <\/span>Con la participaci\u00f3n de Siria, contin\u00faan los trabajos de la 154\u00aa sesi\u00f3n del Consejo Ejecutivo de la Organizaci\u00f3n Mundial de la Salud, celebrada en Ginebra, Suiza.<\/p>\n<p style=\"text-align: justify;\">En una declaraci\u00f3n de la Rep\u00fablica \u00c1rabe Siria en nombre de los Estados miembros de la Regi\u00f3n del Mediterr\u00e1neo Oriental sobre el trabajo de la organizaci\u00f3n en el campo de las emergencias sanitarias, le\u00edda por el Ministro de Salud, Hassan Al-Ghobash, se afirm\u00f3 que la regi\u00f3n, incluida Siria, sufri\u00f3 m\u00faltiples desastres naturales como terremoto, inundaciones y sequ\u00eda, entre otros, que provocando la muerte de decenas de miles de personas.<\/p>\n<p style=\"text-align: justify;\">El ministro sirio se\u00f1al\u00f3 que una la crisis m\u00e1s inquietante en este momento es lo que est\u00e1n presenciando los territorios palestinos ocupados debido a la continua agresi\u00f3n israel\u00ed que, durante sus 111 d\u00edas, provoc\u00f3 la muerte de m\u00e1s de 25 mil personas y lesiones a m\u00e1s de 60 mil.<\/p>\n<p style=\"text-align: justify;\">\u201cEl mundo perdi\u00f3 su br\u00fajula moral cuando no logr\u00f3 imponer un alto el fuego permanente en Gaza\u201d, a\u00f1adi\u00f3.<\/p>\n<p style=\"text-align: justify;\">sm<\/p>\n","protected":false},"excerpt":{"rendered":"<p>Ginebra, 25 ene (SANA) Con la participaci\u00f3n de Siria, contin\u00faan los trabajos de la 154\u00aa sesi\u00f3n del Consejo Ejecutivo de la Organizaci\u00f3n Mundial de la Salud, celebrada en Ginebra, Suiza. En una declaraci\u00f3n de la Rep\u00fablica \u00c1rabe Siria en nombre de los Estados miembros de la Regi\u00f3n del Mediterr\u00e1neo Oriental sobre el trabajo de la &hellip;<\/p>\n","protected":false},"author":39,"featured_media":320503,"comment_status":"closed","ping_status":"closed","sticky":false,"template":"","format":"standard","meta":{"footnotes":""},"categories":[597,20724,467,7541],"tags":[],"class_list":["post-320502","post","type-post","status-publish","format-standard","has-post-thumbnail","","category-cinta-de-noticias","category-minuto-a-minuto","category-siria-y-el-mundo","category-ultimas-noticias"],"_links":{"self":[{"href":"https:\/\/archive.sana.sy\/es\/index.php?rest_route=\/wp\/v2\/posts\/320502"}],"collection":[{"href":"https:\/\/archive.sana.sy\/es\/index.php?rest_route=\/wp\/v2\/posts"}],"about":[{"href":"https:\/\/archive.sana.sy\/es\/index.php?rest_route=\/wp\/v2\/types\/post"}],"author":[{"embeddable":true,"href":"https:\/\/archive.sana.sy\/es\/index.php?rest_route=\/wp\/v2\/users\/39"}],"replies":[{"embeddable":true,"href":"https:\/\/archive.sana.sy\/es\/index.php?rest_route=%2Fwp%2Fv2%2Fcomments&post=320502"}],"version-history":[{"count":1,"href":"https:\/\/archive.sana.sy\/es\/index.php?rest_route=\/wp\/v2\/posts\/320502\/revisions"}],"predecessor-version":[{"id":320504,"href":"https:\/\/archive.sana.sy\/es\/index.php?rest_route=\/wp\/v2\/posts\/320502\/revisions\/320504"}],"wp:featuredmedia":[{"embeddable":true,"href":"https:\/\/archive.sana.sy\/es\/index.php?rest_route=\/wp\/v2\/media\/320503"}],"wp:attachment":[{"href":"https:\/\/archive.sana.sy\/es\/index.php?rest_route=%2Fwp%2Fv2%2Fmedia&parent=320502"}],"wp:term":[{"taxonomy":"category","embeddable":true,"href":"https:\/\/archive.sana.sy\/es\/index.php?rest_route=%2Fwp%2Fv2%2Fcategories&post=320502"},{"taxonomy":"post_tag","embeddable":true,"href":"https:\/\/archive.sana.sy\/es\/index.php?rest_route=%2Fwp%2Fv2%2Ftags&post=320502"}],"curies":[{"name":"wp","href":"https:\/\/api.w.org\/{rel}","templated":true}]}}