{"id":320509,"date":"2024-01-25T15:42:28","date_gmt":"2024-01-25T12:42:28","guid":{"rendered":"https:\/\/sana.sy\/es\/?p=320509"},"modified":"2024-01-25T19:05:33","modified_gmt":"2024-01-25T16:05:33","slug":"80-editoriales-sirias-participan-en-feria-internacional-del-libro-de-el-cairo","status":"publish","type":"post","link":"https:\/\/archive.sana.sy\/es\/?p=320509","title":{"rendered":"80 editoriales sirias participan en Feria Internacional del Libro de El Cairo"},"content":{"rendered":"<p style=\"text-align: justify;\"><span style=\"color: #800000;\"><strong>El Cairo, 25 ene (SANA)<\/strong> \u00a0<\/span>Con la participaci\u00f3n de Siria, comenzaron hoy en la capital egipcia las actividades de la 55\u00aa edici\u00f3n de la Feria Internacional del Libro de El Cairo\u0632<\/p>\n<p style=\"text-align: justify;\">El jefe del Sindicato de Editores Sirios, Haitham Hafez, inform\u00f3 a SANA que Siria participa en la exposici\u00f3n a trav\u00e9s de aproximadamente 80 editoriales, y se\u00f1al\u00f3 que a pesar de las dificultades que enfrenta la editorial siria, contin\u00faa con su noble misi\u00f3n.<\/p>\n<p style=\"text-align: justify;\">Adem\u00e1s, se\u00f1al\u00f3 que las publicaciones sirias de este a\u00f1o incluyen muchos t\u00edtulos nuevos de un grupo de \u00e9lite de distinguidos escritores \u00e1rabes en todos los campos.<\/p>\n<p style=\"text-align: justify;\">sm<\/p>\n","protected":false},"excerpt":{"rendered":"<p>El Cairo, 25 ene (SANA) \u00a0Con la participaci\u00f3n de Siria, comenzaron hoy en la capital egipcia las actividades de la 55\u00aa edici\u00f3n de la Feria Internacional del Libro de El Cairo\u0632 El jefe del Sindicato de Editores Sirios, Haitham Hafez, inform\u00f3 a SANA que Siria participa en la exposici\u00f3n a trav\u00e9s de aproximadamente 80 editoriales, &hellip;<\/p>\n","protected":false},"author":39,"featured_media":320510,"comment_status":"closed","ping_status":"closed","sticky":false,"template":"","format":"standard","meta":{"footnotes":""},"categories":[597,510,467,7541],"tags":[],"class_list":["post-320509","post","type-post","status-publish","format-standard","has-post-thumbnail","","category-cinta-de-noticias","category-arte-y-cultura","category-siria-y-el-mundo","category-ultimas-noticias"],"_links":{"self":[{"href":"https:\/\/archive.sana.sy\/es\/index.php?rest_route=\/wp\/v2\/posts\/320509"}],"collection":[{"href":"https:\/\/archive.sana.sy\/es\/index.php?rest_route=\/wp\/v2\/posts"}],"about":[{"href":"https:\/\/archive.sana.sy\/es\/index.php?rest_route=\/wp\/v2\/types\/post"}],"author":[{"embeddable":true,"href":"https:\/\/archive.sana.sy\/es\/index.php?rest_route=\/wp\/v2\/users\/39"}],"replies":[{"embeddable":true,"href":"https:\/\/archive.sana.sy\/es\/index.php?rest_route=%2Fwp%2Fv2%2Fcomments&post=320509"}],"version-history":[{"count":1,"href":"https:\/\/archive.sana.sy\/es\/index.php?rest_route=\/wp\/v2\/posts\/320509\/revisions"}],"predecessor-version":[{"id":320511,"href":"https:\/\/archive.sana.sy\/es\/index.php?rest_route=\/wp\/v2\/posts\/320509\/revisions\/320511"}],"wp:featuredmedia":[{"embeddable":true,"href":"https:\/\/archive.sana.sy\/es\/index.php?rest_route=\/wp\/v2\/media\/320510"}],"wp:attachment":[{"href":"https:\/\/archive.sana.sy\/es\/index.php?rest_route=%2Fwp%2Fv2%2Fmedia&parent=320509"}],"wp:term":[{"taxonomy":"category","embeddable":true,"href":"https:\/\/archive.sana.sy\/es\/index.php?rest_route=%2Fwp%2Fv2%2Fcategories&post=320509"},{"taxonomy":"post_tag","embeddable":true,"href":"https:\/\/archive.sana.sy\/es\/index.php?rest_route=%2Fwp%2Fv2%2Ftags&post=320509"}],"curies":[{"name":"wp","href":"https:\/\/api.w.org\/{rel}","templated":true}]}}