{"id":320512,"date":"2024-01-25T18:57:05","date_gmt":"2024-01-25T15:57:05","guid":{"rendered":"https:\/\/sana.sy\/es\/?p=320512"},"modified":"2024-01-25T18:57:33","modified_gmt":"2024-01-25T15:57:33","slug":"siria-expresa-condolencias-a-china-por-victimas-del-derrumbe-montanoso-y-del-terremoto","status":"publish","type":"post","link":"https:\/\/archive.sana.sy\/es\/?p=320512","title":{"rendered":"Siria expresa condolencias a China por v\u00edctimas del derrumbe monta\u00f1oso y del terremoto"},"content":{"rendered":"<p style=\"text-align: justify;\"><span style=\"color: #800000;\"><strong>Damasco, 25 ene (SANA)\u00a0<\/strong> <\/span>Siria expres\u00f3 sus m\u00e1s profundas condolencias y sinceros sentimientos de solidaridad a la Rep\u00fablica Popular China por las v\u00edctimas del derrumbe de la monta\u00f1a y del terremoto, y afirm\u00f3 su solidaridad con las familias de las v\u00edctimas y los heridos.<\/p>\n<p style=\"text-align: justify;\">\u201cEl gobierno de la Rep\u00fablica \u00c1rabe Siria expresa sus m\u00e1s profundas condolencias y sinceros sentimientos de simpat\u00eda al gobierno y al pueblo de la amiga Rep\u00fablica Popular de China, por las v\u00edctimas del derrumbe de una monta\u00f1a ocurrido en la provincia de Yunnan, al suroeste del pa\u00eds asi\u00e1tico, y del terremoto que azot\u00f3 la provincia oriental de Xinjiang, los d\u00edas 22 y 23 de enero de 2024\u201d, declar\u00f3 el Ministerio de Asuntos Exteriores y Expatriados de Siria mediante un comunicado.<\/p>\n<p style=\"text-align: justify;\">Adem\u00e1s, Siria\u00a0 expresa su plena solidaridad y apoyo a los dirigentes, el gobierno y el pueblo de la amiga Rep\u00fablica Popular China, y su solidaridad con las familias de las v\u00edctimas y los heridos, y sus deseos de una pronta recuperaci\u00f3n para los herido, a\u00f1adi\u00f3 la Canciller\u00eda.<\/p>\n<p>sm<\/p>\n","protected":false},"excerpt":{"rendered":"<p>Damasco, 25 ene (SANA)\u00a0 Siria expres\u00f3 sus m\u00e1s profundas condolencias y sinceros sentimientos de solidaridad a la Rep\u00fablica Popular China por las v\u00edctimas del derrumbe de la monta\u00f1a y del terremoto, y afirm\u00f3 su solidaridad con las familias de las v\u00edctimas y los heridos. \u201cEl gobierno de la Rep\u00fablica \u00c1rabe Siria expresa sus m\u00e1s profundas &hellip;<\/p>\n","protected":false},"author":39,"featured_media":320513,"comment_status":"closed","ping_status":"closed","sticky":false,"template":"","format":"standard","meta":{"footnotes":""},"categories":[597,20724,467,7541],"tags":[],"class_list":["post-320512","post","type-post","status-publish","format-standard","has-post-thumbnail","","category-cinta-de-noticias","category-minuto-a-minuto","category-siria-y-el-mundo","category-ultimas-noticias"],"_links":{"self":[{"href":"https:\/\/archive.sana.sy\/es\/index.php?rest_route=\/wp\/v2\/posts\/320512"}],"collection":[{"href":"https:\/\/archive.sana.sy\/es\/index.php?rest_route=\/wp\/v2\/posts"}],"about":[{"href":"https:\/\/archive.sana.sy\/es\/index.php?rest_route=\/wp\/v2\/types\/post"}],"author":[{"embeddable":true,"href":"https:\/\/archive.sana.sy\/es\/index.php?rest_route=\/wp\/v2\/users\/39"}],"replies":[{"embeddable":true,"href":"https:\/\/archive.sana.sy\/es\/index.php?rest_route=%2Fwp%2Fv2%2Fcomments&post=320512"}],"version-history":[{"count":1,"href":"https:\/\/archive.sana.sy\/es\/index.php?rest_route=\/wp\/v2\/posts\/320512\/revisions"}],"predecessor-version":[{"id":320514,"href":"https:\/\/archive.sana.sy\/es\/index.php?rest_route=\/wp\/v2\/posts\/320512\/revisions\/320514"}],"wp:featuredmedia":[{"embeddable":true,"href":"https:\/\/archive.sana.sy\/es\/index.php?rest_route=\/wp\/v2\/media\/320513"}],"wp:attachment":[{"href":"https:\/\/archive.sana.sy\/es\/index.php?rest_route=%2Fwp%2Fv2%2Fmedia&parent=320512"}],"wp:term":[{"taxonomy":"category","embeddable":true,"href":"https:\/\/archive.sana.sy\/es\/index.php?rest_route=%2Fwp%2Fv2%2Fcategories&post=320512"},{"taxonomy":"post_tag","embeddable":true,"href":"https:\/\/archive.sana.sy\/es\/index.php?rest_route=%2Fwp%2Fv2%2Ftags&post=320512"}],"curies":[{"name":"wp","href":"https:\/\/api.w.org\/{rel}","templated":true}]}}