{"id":320519,"date":"2024-01-26T09:08:44","date_gmt":"2024-01-26T06:08:44","guid":{"rendered":"https:\/\/sana.sy\/es\/?p=320519"},"modified":"2024-01-26T09:09:10","modified_gmt":"2024-01-26T06:09:10","slug":"ministro-de-educacion-y-la-unrwa-exploran-perspectivas-de-colaboracion","status":"publish","type":"post","link":"https:\/\/archive.sana.sy\/es\/?p=320519","title":{"rendered":"Ministerio de Educaci\u00f3n y la UNRWA exploran perspectivas de colaboraci\u00f3n"},"content":{"rendered":"<p style=\"text-align: justify;\"><span style=\"color: #800000;\"><strong>Damasco, 26 ene (SANA)<\/strong> <\/span>El ministro de Educaci\u00f3n de Siria, Mohammad Amer al-Mardini, se reuni\u00f3 este jueves con el director de Asuntos de la Agencia de las Naciones Unidas para los Refugiados Palestinos (UNRWA) en Siria, Amania Michael Eby, para discutir formas de fortalecer la colaboraci\u00f3n, especialmente en el \u00e1mbito de la provisi\u00f3n de libros de texto.<\/p>\n<p style=\"text-align: justify;\">Durante la reuni\u00f3n, el Ministro subray\u00f3 el compromiso del Ministerio de Educaci\u00f3n de garantizar la educaci\u00f3n de todos los ni\u00f1os y lograr la calidad en el proceso educativo.<\/p>\n<p style=\"text-align: justify;\">Tambi\u00e9n expres\u00f3 el apoyo a la labor de la UNRWA, particularmente en el uso de escuelas gubernamentales como centros educativos vespertinos despu\u00e9s de que varias escuelas de la UNRWA fueran destruidas durante la guerra.<\/p>\n<p style=\"text-align: justify;\">Por su parte, Eby destac\u00f3 los esfuerzos y el apoyo continuo del Ministerio de Educaci\u00f3n, y la importancia de la colaboraci\u00f3n y coordinaci\u00f3n en varios programas.<\/p>\n<p style=\"text-align: justify;\"><em><strong>ah<\/strong><\/em><\/p>\n","protected":false},"excerpt":{"rendered":"<p>Damasco, 26 ene (SANA) El ministro de Educaci\u00f3n de Siria, Mohammad Amer al-Mardini, se reuni\u00f3 este jueves con el director de Asuntos de la Agencia de las Naciones Unidas para los Refugiados Palestinos (UNRWA) en Siria, Amania Michael Eby, para discutir formas de fortalecer la colaboraci\u00f3n, especialmente en el \u00e1mbito de la provisi\u00f3n de libros &hellip;<\/p>\n","protected":false},"author":30,"featured_media":320520,"comment_status":"closed","ping_status":"closed","sticky":false,"template":"","format":"standard","meta":{"footnotes":""},"categories":[597,20724,476,7541],"tags":[],"class_list":["post-320519","post","type-post","status-publish","format-standard","has-post-thumbnail","","category-cinta-de-noticias","category-minuto-a-minuto","category-locales","category-ultimas-noticias"],"_links":{"self":[{"href":"https:\/\/archive.sana.sy\/es\/index.php?rest_route=\/wp\/v2\/posts\/320519"}],"collection":[{"href":"https:\/\/archive.sana.sy\/es\/index.php?rest_route=\/wp\/v2\/posts"}],"about":[{"href":"https:\/\/archive.sana.sy\/es\/index.php?rest_route=\/wp\/v2\/types\/post"}],"author":[{"embeddable":true,"href":"https:\/\/archive.sana.sy\/es\/index.php?rest_route=\/wp\/v2\/users\/30"}],"replies":[{"embeddable":true,"href":"https:\/\/archive.sana.sy\/es\/index.php?rest_route=%2Fwp%2Fv2%2Fcomments&post=320519"}],"version-history":[{"count":2,"href":"https:\/\/archive.sana.sy\/es\/index.php?rest_route=\/wp\/v2\/posts\/320519\/revisions"}],"predecessor-version":[{"id":320522,"href":"https:\/\/archive.sana.sy\/es\/index.php?rest_route=\/wp\/v2\/posts\/320519\/revisions\/320522"}],"wp:featuredmedia":[{"embeddable":true,"href":"https:\/\/archive.sana.sy\/es\/index.php?rest_route=\/wp\/v2\/media\/320520"}],"wp:attachment":[{"href":"https:\/\/archive.sana.sy\/es\/index.php?rest_route=%2Fwp%2Fv2%2Fmedia&parent=320519"}],"wp:term":[{"taxonomy":"category","embeddable":true,"href":"https:\/\/archive.sana.sy\/es\/index.php?rest_route=%2Fwp%2Fv2%2Fcategories&post=320519"},{"taxonomy":"post_tag","embeddable":true,"href":"https:\/\/archive.sana.sy\/es\/index.php?rest_route=%2Fwp%2Fv2%2Ftags&post=320519"}],"curies":[{"name":"wp","href":"https:\/\/api.w.org\/{rel}","templated":true}]}}