{"id":320538,"date":"2024-01-26T08:37:36","date_gmt":"2024-01-26T05:37:36","guid":{"rendered":"https:\/\/sana.sy\/es\/?p=320538"},"modified":"2024-01-26T09:42:15","modified_gmt":"2024-01-26T06:42:15","slug":"irak-y-eeuu-acuerdan-un-cronograma-para-retirada-de-las-fuerzas-estadounidenses-del-pais","status":"publish","type":"post","link":"https:\/\/archive.sana.sy\/es\/?p=320538","title":{"rendered":"Irak y EEUU acuerdan un cronograma para retirada de las fuerzas estadounidenses del pa\u00eds"},"content":{"rendered":"<p style=\"text-align: justify;\"><span style=\"color: #800000;\"><strong>Bagdad, 26 ene (SANA)<\/strong> <\/span>El Ministerio de Relaciones Exteriores de Irak anunci\u00f3 este jueves alcanzar un acuerdo con Estados Unidos para establecer un cronograma de retirada de las fuerzas estadounidenses de Irak.<\/p>\n<p style=\"text-align: justify;\">Seg\u00fan declar\u00f3 la Canciller\u00eda iraqu\u00ed en un comunicado, el gobierno iraqu\u00ed y el gobierno estadounidense acordaron &#8220;elaborar un cronograma claro y espec\u00edfico que determine la duraci\u00f3n de la presencia de asesores de la coalici\u00f3n internacional en Irak, y que inicie la reducci\u00f3n gradual de sus asesores en el suelo iraqu\u00ed y concluya la misi\u00f3n militar de la coalici\u00f3n&#8221;.<\/p>\n<p style=\"text-align: justify;\">El comunicado del Ministerio de Relaciones Exteriores iraqu\u00ed tambi\u00e9n se\u00f1al\u00f3 que el acuerdo incluye la transici\u00f3n a relaciones bilaterales integrales con los pa\u00edses de la coalici\u00f3n en los \u00e1mbitos pol\u00edtico, econ\u00f3mico, cultural, de seguridad y militar, en l\u00ednea con la visi\u00f3n del gobierno iraqu\u00ed.<\/p>\n<p style=\"text-align: justify;\">Este acuerdo se produjo despu\u00e9s de varios ataques estadounidenses a instalaciones militares iraqu\u00edes, que resultaron en m\u00faltiples v\u00edctimas, y fue condenado en\u00e9rgicamente por el gobierno iraqu\u00ed.<\/p>\n<p style=\"text-align: justify;\">Ayer, el gobierno iraqu\u00ed conden\u00f3 fuertemente la agresi\u00f3n estadounidense contra las provincias de Babilonia y Anbar, que implic\u00f3 el bombardeo de lugares militares iraqu\u00edes con bombas, causando bajas entre los miembros de las fuerzas de seguridad.<\/p>\n<p style=\"text-align: justify;\"><em><strong>ah<\/strong><\/em><\/p>\n","protected":false},"excerpt":{"rendered":"<p>Bagdad, 26 ene (SANA) El Ministerio de Relaciones Exteriores de Irak anunci\u00f3 este jueves alcanzar un acuerdo con Estados Unidos para establecer un cronograma de retirada de las fuerzas estadounidenses de Irak. Seg\u00fan declar\u00f3 la Canciller\u00eda iraqu\u00ed en un comunicado, el gobierno iraqu\u00ed y el gobierno estadounidense acordaron &#8220;elaborar un cronograma claro y espec\u00edfico que &hellip;<\/p>\n","protected":false},"author":30,"featured_media":320539,"comment_status":"closed","ping_status":"closed","sticky":false,"template":"","format":"standard","meta":{"footnotes":""},"categories":[597,456,20724,7541],"tags":[],"class_list":["post-320538","post","type-post","status-publish","format-standard","has-post-thumbnail","","category-cinta-de-noticias","category-arabe-internacional-politica","category-minuto-a-minuto","category-ultimas-noticias"],"_links":{"self":[{"href":"https:\/\/archive.sana.sy\/es\/index.php?rest_route=\/wp\/v2\/posts\/320538"}],"collection":[{"href":"https:\/\/archive.sana.sy\/es\/index.php?rest_route=\/wp\/v2\/posts"}],"about":[{"href":"https:\/\/archive.sana.sy\/es\/index.php?rest_route=\/wp\/v2\/types\/post"}],"author":[{"embeddable":true,"href":"https:\/\/archive.sana.sy\/es\/index.php?rest_route=\/wp\/v2\/users\/30"}],"replies":[{"embeddable":true,"href":"https:\/\/archive.sana.sy\/es\/index.php?rest_route=%2Fwp%2Fv2%2Fcomments&post=320538"}],"version-history":[{"count":1,"href":"https:\/\/archive.sana.sy\/es\/index.php?rest_route=\/wp\/v2\/posts\/320538\/revisions"}],"predecessor-version":[{"id":320540,"href":"https:\/\/archive.sana.sy\/es\/index.php?rest_route=\/wp\/v2\/posts\/320538\/revisions\/320540"}],"wp:featuredmedia":[{"embeddable":true,"href":"https:\/\/archive.sana.sy\/es\/index.php?rest_route=\/wp\/v2\/media\/320539"}],"wp:attachment":[{"href":"https:\/\/archive.sana.sy\/es\/index.php?rest_route=%2Fwp%2Fv2%2Fmedia&parent=320538"}],"wp:term":[{"taxonomy":"category","embeddable":true,"href":"https:\/\/archive.sana.sy\/es\/index.php?rest_route=%2Fwp%2Fv2%2Fcategories&post=320538"},{"taxonomy":"post_tag","embeddable":true,"href":"https:\/\/archive.sana.sy\/es\/index.php?rest_route=%2Fwp%2Fv2%2Ftags&post=320538"}],"curies":[{"name":"wp","href":"https:\/\/api.w.org\/{rel}","templated":true}]}}