{"id":320552,"date":"2024-01-26T12:20:11","date_gmt":"2024-01-26T09:20:11","guid":{"rendered":"https:\/\/sana.sy\/es\/?p=320552"},"modified":"2024-01-26T13:48:51","modified_gmt":"2024-01-26T10:48:51","slug":"israel-asesino-a-26-mil-083-civiles-y-dejo-mas-de-64-mil-487-heridos-en-su-agresion-genocida-contra-gaza","status":"publish","type":"post","link":"https:\/\/archive.sana.sy\/es\/?p=320552","title":{"rendered":"\u201cIsrael\u201d asesin\u00f3 a 26 mil 83 civiles y dej\u00f3 m\u00e1s de 64 mil 487 heridos en su agresi\u00f3n genocida contra Gaza"},"content":{"rendered":"<p style=\"text-align: justify;\"><span style=\"color: #800000;\"><strong>Jerusal\u00e9n ocupada, 26 ene (SANA)<\/strong><\/span> La cifra de v\u00edctimas de la persistente agresi\u00f3n \u00a0israel\u00ed en la devastada Franja de Gaza ascendi\u00f3 a 26 mil 083 muertos y 64 mil 487 heridos, en el d\u00eda 112 de la agresi\u00f3n, seg\u00fan inform\u00f3 el Ministerio de Salud palestino en un comunicado.<\/p>\n<p style=\"text-align: justify;\">El ente de salud detall\u00f3 que en las \u00faltimas 24 horas, el ej\u00e9rcito israel\u00ed perpetr\u00f3 19 masacres en Gaza, que resultaron en 183 muertos y 377 heridos.<\/p>\n<p style=\"text-align: justify;\">La entidad tambi\u00e9n destac\u00f3 que al menos 70 palestinos perdieron la vida debido a los bombardeos israel\u00edes en las ciudades de Rafah y Khan Yunis en las \u00faltimas 24 horas, mientras un gran n\u00famero de v\u00edctimas a\u00fan se encuentran bajo los escombros y en las carreteras, siendo inaccesibles a los equipos de ambulancias y defensa civil.<\/p>\n<p style=\"text-align: justify;\">Esta ma\u00f1ana, dos palestinos murieron y otros resultaron heridos como resultado del bombardeo de la aviaci\u00f3n israel\u00ed sobre una vivienda en la zona de Al-Zawaida, en el centro de la Franja de Gaza.<\/p>\n<p style=\"text-align: justify;\"><em><strong>ah<\/strong><\/em><\/p>\n","protected":false},"excerpt":{"rendered":"<p>Jerusal\u00e9n ocupada, 26 ene (SANA) La cifra de v\u00edctimas de la persistente agresi\u00f3n \u00a0israel\u00ed en la devastada Franja de Gaza ascendi\u00f3 a 26 mil 083 muertos y 64 mil 487 heridos, en el d\u00eda 112 de la agresi\u00f3n, seg\u00fan inform\u00f3 el Ministerio de Salud palestino en un comunicado. El ente de salud detall\u00f3 que en &hellip;<\/p>\n","protected":false},"author":30,"featured_media":320553,"comment_status":"closed","ping_status":"closed","sticky":false,"template":"","format":"standard","meta":{"footnotes":""},"categories":[597,456,20724,583],"tags":[],"class_list":["post-320552","post","type-post","status-publish","format-standard","has-post-thumbnail","","category-cinta-de-noticias","category-arabe-internacional-politica","category-minuto-a-minuto","category-slide"],"_links":{"self":[{"href":"https:\/\/archive.sana.sy\/es\/index.php?rest_route=\/wp\/v2\/posts\/320552"}],"collection":[{"href":"https:\/\/archive.sana.sy\/es\/index.php?rest_route=\/wp\/v2\/posts"}],"about":[{"href":"https:\/\/archive.sana.sy\/es\/index.php?rest_route=\/wp\/v2\/types\/post"}],"author":[{"embeddable":true,"href":"https:\/\/archive.sana.sy\/es\/index.php?rest_route=\/wp\/v2\/users\/30"}],"replies":[{"embeddable":true,"href":"https:\/\/archive.sana.sy\/es\/index.php?rest_route=%2Fwp%2Fv2%2Fcomments&post=320552"}],"version-history":[{"count":3,"href":"https:\/\/archive.sana.sy\/es\/index.php?rest_route=\/wp\/v2\/posts\/320552\/revisions"}],"predecessor-version":[{"id":320561,"href":"https:\/\/archive.sana.sy\/es\/index.php?rest_route=\/wp\/v2\/posts\/320552\/revisions\/320561"}],"wp:featuredmedia":[{"embeddable":true,"href":"https:\/\/archive.sana.sy\/es\/index.php?rest_route=\/wp\/v2\/media\/320553"}],"wp:attachment":[{"href":"https:\/\/archive.sana.sy\/es\/index.php?rest_route=%2Fwp%2Fv2%2Fmedia&parent=320552"}],"wp:term":[{"taxonomy":"category","embeddable":true,"href":"https:\/\/archive.sana.sy\/es\/index.php?rest_route=%2Fwp%2Fv2%2Fcategories&post=320552"},{"taxonomy":"post_tag","embeddable":true,"href":"https:\/\/archive.sana.sy\/es\/index.php?rest_route=%2Fwp%2Fv2%2Ftags&post=320552"}],"curies":[{"name":"wp","href":"https:\/\/api.w.org\/{rel}","templated":true}]}}