{"id":320575,"date":"2024-01-26T16:56:53","date_gmt":"2024-01-26T13:56:53","guid":{"rendered":"http:\/\/sana.sy\/es\/?p=320575"},"modified":"2024-01-26T16:56:56","modified_gmt":"2024-01-26T13:56:56","slug":"por-segunda-vez-en-24-hora-resistencia-iraqui-ataca-una-base-de-washington-en-el-oeste-de-irak","status":"publish","type":"post","link":"https:\/\/archive.sana.sy\/es\/?p=320575","title":{"rendered":"Por segunda vez en 24 hora, Resistencia iraqu\u00ed ataca una base de Washington en el oeste de Irak"},"content":{"rendered":"<p style=\"text-align: justify;\"><span style=\"color: #800000;\"><strong>Bagdad, 26 ene (SANA)<\/strong><\/span>\u00a0 La Resistencia iraqu\u00ed atac\u00f3 hoy con drones a las fuerzas estadounidenses en la base de Ain al-Asad en el oeste de Irak.<\/p>\n<p style=\"text-align: justify;\">\u201cEn continuaci\u00f3n de nuestro enfoque de resistencia a las fuerzas de ocupaci\u00f3n estadounidenses en Irak y la regi\u00f3n, y en respuesta a las masacres cometidas por el ocupante israel\u00ed contra Gaza, hoy atacamos la base ocupada de Ain al-Assad en el oeste de Irak con drones y seguimos destruyendo bastiones enemigos\u201d, declar\u00f3 la Resistencia mediante un comunicado.<\/p>\n<p style=\"text-align: justify;\">Adem\u00e1s, la Resistencia iraqu\u00ed anunci\u00f3 que ayer hab\u00eda atacado con drones a las tropas de Washington en la referida base.<\/p>\n<p style=\"text-align: justify;\">sm<\/p>\n","protected":false},"excerpt":{"rendered":"<p>Bagdad, 26 ene (SANA)\u00a0 La Resistencia iraqu\u00ed atac\u00f3 hoy con drones a las fuerzas estadounidenses en la base de Ain al-Asad en el oeste de Irak. \u201cEn continuaci\u00f3n de nuestro enfoque de resistencia a las fuerzas de ocupaci\u00f3n estadounidenses en Irak y la regi\u00f3n, y en respuesta a las masacres cometidas por el ocupante israel\u00ed &hellip;<\/p>\n","protected":false},"author":39,"featured_media":320576,"comment_status":"closed","ping_status":"closed","sticky":false,"template":"","format":"standard","meta":{"footnotes":""},"categories":[597,456,16687,20724,7541],"tags":[],"class_list":["post-320575","post","type-post","status-publish","format-standard","has-post-thumbnail","","category-cinta-de-noticias","category-arabe-internacional-politica","category-internacionales","category-minuto-a-minuto","category-ultimas-noticias"],"_links":{"self":[{"href":"https:\/\/archive.sana.sy\/es\/index.php?rest_route=\/wp\/v2\/posts\/320575"}],"collection":[{"href":"https:\/\/archive.sana.sy\/es\/index.php?rest_route=\/wp\/v2\/posts"}],"about":[{"href":"https:\/\/archive.sana.sy\/es\/index.php?rest_route=\/wp\/v2\/types\/post"}],"author":[{"embeddable":true,"href":"https:\/\/archive.sana.sy\/es\/index.php?rest_route=\/wp\/v2\/users\/39"}],"replies":[{"embeddable":true,"href":"https:\/\/archive.sana.sy\/es\/index.php?rest_route=%2Fwp%2Fv2%2Fcomments&post=320575"}],"version-history":[{"count":1,"href":"https:\/\/archive.sana.sy\/es\/index.php?rest_route=\/wp\/v2\/posts\/320575\/revisions"}],"predecessor-version":[{"id":320577,"href":"https:\/\/archive.sana.sy\/es\/index.php?rest_route=\/wp\/v2\/posts\/320575\/revisions\/320577"}],"wp:featuredmedia":[{"embeddable":true,"href":"https:\/\/archive.sana.sy\/es\/index.php?rest_route=\/wp\/v2\/media\/320576"}],"wp:attachment":[{"href":"https:\/\/archive.sana.sy\/es\/index.php?rest_route=%2Fwp%2Fv2%2Fmedia&parent=320575"}],"wp:term":[{"taxonomy":"category","embeddable":true,"href":"https:\/\/archive.sana.sy\/es\/index.php?rest_route=%2Fwp%2Fv2%2Fcategories&post=320575"},{"taxonomy":"post_tag","embeddable":true,"href":"https:\/\/archive.sana.sy\/es\/index.php?rest_route=%2Fwp%2Fv2%2Ftags&post=320575"}],"curies":[{"name":"wp","href":"https:\/\/api.w.org\/{rel}","templated":true}]}}