{"id":320578,"date":"2024-01-26T17:32:48","date_gmt":"2024-01-26T14:32:48","guid":{"rendered":"https:\/\/sana.sy\/es\/?p=320578"},"modified":"2024-01-26T17:50:14","modified_gmt":"2024-01-26T14:50:14","slug":"resistencia-libanesa-apunta-a-dos-posiciones-israelies-en-la-frontera-con-palestina-ocupada","status":"publish","type":"post","link":"https:\/\/archive.sana.sy\/es\/?p=320578","title":{"rendered":"Resistencia libanesa ataca dos posiciones israel\u00edes en la frontera con Palestina ocupada"},"content":{"rendered":"<p style=\"text-align: justify;\"><span style=\"color: #800000;\"><strong>Beirut, 26 ene (SANA)\u00a0<\/strong><\/span> \u00a0La Resistencia libanesa atac\u00f3 hoy dos posiciones de las fuerzas de ocupaci\u00f3n sionistas en la frontera entre El L\u00edbano y Palestina ocupada, y logr\u00f3 impactos directos.<\/p>\n<p style=\"text-align: justify;\">\u201cEn apoyo del firme pueblo palestino en la Franja de Gaza, atacamos una concentraci\u00f3n de soldados israel\u00edes en las cercan\u00edas del Castillo de Hunin\u201d, dijo la Resistencia en un comunicado.<\/p>\n<p style=\"text-align: justify;\">Asimismo, la Resistencia lanz\u00f3 misiles sobre el cuartel sionista \u201cMaale Gol\u00e1n\u201d en la frontera con Palestina ocupada.<\/p>\n<p style=\"text-align: justify;\">Anteayer, la Resistencia libanesa atac\u00f3 con misiles el sitio de Al-Samaqa en las ocupadas granjas libanesas de Shebaa.<\/p>\n<p style=\"text-align: justify;\">rr<\/p>\n","protected":false},"excerpt":{"rendered":"<p>Beirut, 26 ene (SANA)\u00a0 \u00a0La Resistencia libanesa atac\u00f3 hoy dos posiciones de las fuerzas de ocupaci\u00f3n sionistas en la frontera entre El L\u00edbano y Palestina ocupada, y logr\u00f3 impactos directos. \u201cEn apoyo del firme pueblo palestino en la Franja de Gaza, atacamos una concentraci\u00f3n de soldados israel\u00edes en las cercan\u00edas del Castillo de Hunin\u201d, dijo &hellip;<\/p>\n","protected":false},"author":31,"featured_media":320579,"comment_status":"closed","ping_status":"closed","sticky":false,"template":"","format":"standard","meta":{"footnotes":""},"categories":[597,456,16687],"tags":[12002,8542,1494,22469],"class_list":["post-320578","post","type-post","status-publish","format-standard","has-post-thumbnail","","category-cinta-de-noticias","category-arabe-internacional-politica","category-internacionales","tag-gaza","tag-libano","tag-palestina","tag-reistencia"],"_links":{"self":[{"href":"https:\/\/archive.sana.sy\/es\/index.php?rest_route=\/wp\/v2\/posts\/320578"}],"collection":[{"href":"https:\/\/archive.sana.sy\/es\/index.php?rest_route=\/wp\/v2\/posts"}],"about":[{"href":"https:\/\/archive.sana.sy\/es\/index.php?rest_route=\/wp\/v2\/types\/post"}],"author":[{"embeddable":true,"href":"https:\/\/archive.sana.sy\/es\/index.php?rest_route=\/wp\/v2\/users\/31"}],"replies":[{"embeddable":true,"href":"https:\/\/archive.sana.sy\/es\/index.php?rest_route=%2Fwp%2Fv2%2Fcomments&post=320578"}],"version-history":[{"count":2,"href":"https:\/\/archive.sana.sy\/es\/index.php?rest_route=\/wp\/v2\/posts\/320578\/revisions"}],"predecessor-version":[{"id":320581,"href":"https:\/\/archive.sana.sy\/es\/index.php?rest_route=\/wp\/v2\/posts\/320578\/revisions\/320581"}],"wp:featuredmedia":[{"embeddable":true,"href":"https:\/\/archive.sana.sy\/es\/index.php?rest_route=\/wp\/v2\/media\/320579"}],"wp:attachment":[{"href":"https:\/\/archive.sana.sy\/es\/index.php?rest_route=%2Fwp%2Fv2%2Fmedia&parent=320578"}],"wp:term":[{"taxonomy":"category","embeddable":true,"href":"https:\/\/archive.sana.sy\/es\/index.php?rest_route=%2Fwp%2Fv2%2Fcategories&post=320578"},{"taxonomy":"post_tag","embeddable":true,"href":"https:\/\/archive.sana.sy\/es\/index.php?rest_route=%2Fwp%2Fv2%2Ftags&post=320578"}],"curies":[{"name":"wp","href":"https:\/\/api.w.org\/{rel}","templated":true}]}}