{"id":320585,"date":"2024-01-26T19:20:17","date_gmt":"2024-01-26T16:20:17","guid":{"rendered":"https:\/\/sana.sy\/es\/?p=320585"},"modified":"2024-01-26T19:26:49","modified_gmt":"2024-01-26T16:26:49","slug":"siria-y-la-oms-analizan-vias-para-mejorar-cooperacion-entre-ambas-partes","status":"publish","type":"post","link":"https:\/\/archive.sana.sy\/es\/?p=320585","title":{"rendered":"Siria y la OMS analizan v\u00edas para fortalecer cooperaci\u00f3n conjunta"},"content":{"rendered":"<p style=\"text-align: justify;\"><strong><span style=\"color: #800000;\">Ginebra, 26 ene (SANA)\u00a0<\/span> <\/strong>El ministro sirio de Salud, Hassan Al-Ghobash, analiz\u00f3 con el director general de la Organizaci\u00f3n Mundial de la Salud (OMS), Tedros Ghebreyesus, las formas de mejorar la cooperaci\u00f3n en materia de salud y desarrollar programas de recuperaci\u00f3n temprana.<\/p>\n<p style=\"text-align: justify;\">Durante una reuni\u00f3n al margen de la 154\u00aa sesi\u00f3n del Consejo Ejecutivo de la (OMS) que se celebra actualmente en Ginebra, ambas partes, abordaron varios proyectos de salud de largo plazo, adem\u00e1s de fortalecer el apoyo brindado a los programas de recuperaci\u00f3n temprana debido a su importancia para mejorar significativamente la situaci\u00f3n humanitaria, especialmente en el sector de la salud.<\/p>\n<p style=\"text-align: justify;\">El Ministro sirio se refiri\u00f3 las dificultades que enfrenta Siria como resultado de la guerra terrorista y las medidas coercitivas unilaterales que afectaron a varios sectores econ\u00f3micos y de servicios vitales, incluido el sector de la salud, y destac\u00f3 la importancia del apoyo brindado por la referida Entidad a Siria durante los \u00faltimos a\u00f1os.<\/p>\n<p style=\"text-align: justify;\">A su vez, el director general del mencionado Organismo internacional elogi\u00f3 los esfuerzos realizados por el gobierno sirio para seguir brindando servicios de salud a los ciudadanos, destacando el compromiso de la organizaci\u00f3n de seguir brindando la ayuda que Siria requiere para fortalecer el sector de la salud y seguir ofreciendo atenci\u00f3n m\u00e9dica a sus ciudadanos.<\/p>\n<p style=\"text-align: justify;\">sm<\/p>\n","protected":false},"excerpt":{"rendered":"<p>Ginebra, 26 ene (SANA)\u00a0 El ministro sirio de Salud, Hassan Al-Ghobash, analiz\u00f3 con el director general de la Organizaci\u00f3n Mundial de la Salud (OMS), Tedros Ghebreyesus, las formas de mejorar la cooperaci\u00f3n en materia de salud y desarrollar programas de recuperaci\u00f3n temprana. Durante una reuni\u00f3n al margen de la 154\u00aa sesi\u00f3n del Consejo Ejecutivo de &hellip;<\/p>\n","protected":false},"author":39,"featured_media":320586,"comment_status":"closed","ping_status":"closed","sticky":false,"template":"","format":"standard","meta":{"footnotes":""},"categories":[597,20724,467,7541],"tags":[],"class_list":["post-320585","post","type-post","status-publish","format-standard","has-post-thumbnail","","category-cinta-de-noticias","category-minuto-a-minuto","category-siria-y-el-mundo","category-ultimas-noticias"],"_links":{"self":[{"href":"https:\/\/archive.sana.sy\/es\/index.php?rest_route=\/wp\/v2\/posts\/320585"}],"collection":[{"href":"https:\/\/archive.sana.sy\/es\/index.php?rest_route=\/wp\/v2\/posts"}],"about":[{"href":"https:\/\/archive.sana.sy\/es\/index.php?rest_route=\/wp\/v2\/types\/post"}],"author":[{"embeddable":true,"href":"https:\/\/archive.sana.sy\/es\/index.php?rest_route=\/wp\/v2\/users\/39"}],"replies":[{"embeddable":true,"href":"https:\/\/archive.sana.sy\/es\/index.php?rest_route=%2Fwp%2Fv2%2Fcomments&post=320585"}],"version-history":[{"count":4,"href":"https:\/\/archive.sana.sy\/es\/index.php?rest_route=\/wp\/v2\/posts\/320585\/revisions"}],"predecessor-version":[{"id":320590,"href":"https:\/\/archive.sana.sy\/es\/index.php?rest_route=\/wp\/v2\/posts\/320585\/revisions\/320590"}],"wp:featuredmedia":[{"embeddable":true,"href":"https:\/\/archive.sana.sy\/es\/index.php?rest_route=\/wp\/v2\/media\/320586"}],"wp:attachment":[{"href":"https:\/\/archive.sana.sy\/es\/index.php?rest_route=%2Fwp%2Fv2%2Fmedia&parent=320585"}],"wp:term":[{"taxonomy":"category","embeddable":true,"href":"https:\/\/archive.sana.sy\/es\/index.php?rest_route=%2Fwp%2Fv2%2Fcategories&post=320585"},{"taxonomy":"post_tag","embeddable":true,"href":"https:\/\/archive.sana.sy\/es\/index.php?rest_route=%2Fwp%2Fv2%2Ftags&post=320585"}],"curies":[{"name":"wp","href":"https:\/\/api.w.org\/{rel}","templated":true}]}}