{"id":320608,"date":"2024-01-27T09:23:29","date_gmt":"2024-01-27T06:23:29","guid":{"rendered":"https:\/\/sana.sy\/es\/?p=320608"},"modified":"2024-01-27T09:23:29","modified_gmt":"2024-01-27T06:23:29","slug":"siria-ensalza-decision-de-la-corte-internacional-de-justicia-sobre-demanda-de-sudafrica-contra-israel","status":"publish","type":"post","link":"https:\/\/archive.sana.sy\/es\/?p=320608","title":{"rendered":"Siria ensalza decisi\u00f3n de la Corte Internacional de Justicia sobre demanda de Sud\u00e1frica contra \u201cIsrael\u201d"},"content":{"rendered":"<p style=\"text-align: justify;\"><span style=\"color: #800000;\"><strong>Damasco, 27 ene (SANA)<\/strong><\/span> Siria expres\u00f3 su satisfacci\u00f3n por la decisi\u00f3n de la Corte Internacional de Justicia (CIJ) de imponer medidas provisionales inmediatas para proteger a los palestinos.<\/p>\n<p style=\"text-align: justify;\">En un comunicado, la Canciller\u00eda de Siria se\u00f1al\u00f3 que la decisi\u00f3n de la CIJ marca el comienzo de la implementaci\u00f3n de las normas del derecho internacional y pone fin a la impunidad de \u201cIsrael\u201d por sus cr\u00edmenes contra los palestinos a lo largo de las d\u00e9cadas.<\/p>\n<p style=\"text-align: justify;\">&#8220;La Rep\u00fablica \u00c1rabe Siria ensalza la decisi\u00f3n de la CIJ emitida el 26 de enero, con respecto a la jurisdicci\u00f3n preliminar para considerar la demanda de cr\u00edmenes de genocidio cometidos por la entidad israel\u00ed en la Franja de Gaza, presentada por la Rep\u00fablica de Sud\u00e1frica&#8221;, destac\u00f3 el Ministerio de Exteriores y Expatriados en su comunicado.<\/p>\n<p style=\"text-align: justify;\">Siria valora la solicitud de la CIJ para aplicar varias medidas provisionales inmediatas para proteger a los palestinos, incluido el cese por parte de \u201cIsrael\u201d de cometer cr\u00edmenes de asesinato contra los palestinos y de infligirles da\u00f1o o someterlos a condiciones de vida destinadas a su destrucci\u00f3n material, adem\u00e1s de proporcionar urgentemente las necesidades humanitarias cr\u00edticas en la Franja de Gaza, agreg\u00f3 el comunicado.<\/p>\n<p style=\"text-align: justify;\">La declaraci\u00f3n subray\u00f3 que Siria considera esta decisi\u00f3n como el comienzo de la implementaci\u00f3n de las normas del derecho internacional y el fin a la impunidad de \u201cIsrael\u201d, que aprovech\u00f3 durante d\u00e9cadas para cometer los cr\u00edmenes m\u00e1s atroces contra los palestinos y detener los ataques y violaciones en su contra.<\/p>\n<p style=\"text-align: justify;\">\u201cSiria enfatiza la necesidad de continuar los esfuerzos \u00e1rabes e internacionales dentro de las Naciones Unidas, especialmente en el Consejo de Seguridad, para otorgar fuerza obligatoria a la decisi\u00f3n de la CIJ con respecto a las medidas provisionales solicitadas\u201d, concluy\u00f3 la Canciller\u00eda su declaraci\u00f3n.<\/p>\n<p style=\"text-align: justify;\">Durante su per\u00edodo de sesiones celebrado ayer en La Haya, Pa\u00edses Bajos, la Corte Internacional de Justicia impuso una serie de medidas provisionales sobre la demanda presentada por Sud\u00e1frica contra la entidad de ocupaci\u00f3n israel\u00ed, incluida la necesidad de adoptar todas las medidas necesarias para prevenir los actos prohibidos por la Convenci\u00f3n sobre el Genocidio y garantizar que se satisfagan de inmediato las necesidades humanitarias urgentes de la Franja de Gaza.<\/p>\n<p style=\"text-align: justify;\"><em><strong>ah<\/strong><\/em><\/p>\n","protected":false},"excerpt":{"rendered":"<p>Damasco, 27 ene (SANA) Siria expres\u00f3 su satisfacci\u00f3n por la decisi\u00f3n de la Corte Internacional de Justicia (CIJ) de imponer medidas provisionales inmediatas para proteger a los palestinos. En un comunicado, la Canciller\u00eda de Siria se\u00f1al\u00f3 que la decisi\u00f3n de la CIJ marca el comienzo de la implementaci\u00f3n de las normas del derecho internacional y &hellip;<\/p>\n","protected":false},"author":30,"featured_media":320609,"comment_status":"closed","ping_status":"closed","sticky":false,"template":"","format":"standard","meta":{"footnotes":""},"categories":[597,20724,467,583],"tags":[],"class_list":["post-320608","post","type-post","status-publish","format-standard","has-post-thumbnail","","category-cinta-de-noticias","category-minuto-a-minuto","category-siria-y-el-mundo","category-slide"],"_links":{"self":[{"href":"https:\/\/archive.sana.sy\/es\/index.php?rest_route=\/wp\/v2\/posts\/320608"}],"collection":[{"href":"https:\/\/archive.sana.sy\/es\/index.php?rest_route=\/wp\/v2\/posts"}],"about":[{"href":"https:\/\/archive.sana.sy\/es\/index.php?rest_route=\/wp\/v2\/types\/post"}],"author":[{"embeddable":true,"href":"https:\/\/archive.sana.sy\/es\/index.php?rest_route=\/wp\/v2\/users\/30"}],"replies":[{"embeddable":true,"href":"https:\/\/archive.sana.sy\/es\/index.php?rest_route=%2Fwp%2Fv2%2Fcomments&post=320608"}],"version-history":[{"count":1,"href":"https:\/\/archive.sana.sy\/es\/index.php?rest_route=\/wp\/v2\/posts\/320608\/revisions"}],"predecessor-version":[{"id":320610,"href":"https:\/\/archive.sana.sy\/es\/index.php?rest_route=\/wp\/v2\/posts\/320608\/revisions\/320610"}],"wp:featuredmedia":[{"embeddable":true,"href":"https:\/\/archive.sana.sy\/es\/index.php?rest_route=\/wp\/v2\/media\/320609"}],"wp:attachment":[{"href":"https:\/\/archive.sana.sy\/es\/index.php?rest_route=%2Fwp%2Fv2%2Fmedia&parent=320608"}],"wp:term":[{"taxonomy":"category","embeddable":true,"href":"https:\/\/archive.sana.sy\/es\/index.php?rest_route=%2Fwp%2Fv2%2Fcategories&post=320608"},{"taxonomy":"post_tag","embeddable":true,"href":"https:\/\/archive.sana.sy\/es\/index.php?rest_route=%2Fwp%2Fv2%2Ftags&post=320608"}],"curies":[{"name":"wp","href":"https:\/\/api.w.org\/{rel}","templated":true}]}}