{"id":320611,"date":"2024-01-27T09:37:14","date_gmt":"2024-01-27T06:37:14","guid":{"rendered":"https:\/\/sana.sy\/es\/?p=320611"},"modified":"2024-01-27T09:37:47","modified_gmt":"2024-01-27T06:37:47","slug":"sudafrica-esperabamos-de-corte-internacional-de-justicia-un-alto-el-fuego-en-gaza","status":"publish","type":"post","link":"https:\/\/archive.sana.sy\/es\/?p=320611","title":{"rendered":"Sud\u00e1frica: Esper\u00e1bamos de la Corte Internacional de Justicia un alto el fuego en Gaza"},"content":{"rendered":"<p style=\"text-align: justify;\"><span style=\"color: #800000;\"><strong>La Haya, 27 ene (SANA)<\/strong><\/span> La Ministra de Relaciones Exteriores de Sud\u00e1frica, Naledi Pandor, elogi\u00f3 la decisi\u00f3n de la Corte Internacional de Justicia (CIJ) de imponer medidas provisionales contra \u201cIsrael\u201d en la demanda presentada por su pa\u00eds sobre el genocidio cometido contra el pueblo palestino en la Franja de Gaza.<\/p>\n<p style=\"text-align: justify;\">Pandor expres\u00f3 que Sud\u00e1frica esperaba que la CIJ emitiera una decisi\u00f3n para imponer un alto al fuego en Gaza.<\/p>\n<p style=\"text-align: justify;\">Durante una conferencia de prensa en La Haya despu\u00e9s de la decisi\u00f3n de la CIJ, Pandor agradeci\u00f3 a los jueces de la CIJ por abordar r\u00e1pidamente la demanda, dada la urgencia de proteger a los civiles inocentes en Palestina.<\/p>\n<p style=\"text-align: justify;\">Destac\u00f3 la necesidad de un alto al fuego en Gaza para permitir la entrega de ayuda humanitaria y suministros b\u00e1sicos, consider\u00e1ndolo un requisito fundamental para la implementaci\u00f3n de la decisi\u00f3n judicial.<\/p>\n<p style=\"text-align: justify;\">Pandor se\u00f1al\u00f3 que la decisi\u00f3n implica que \u201cIsrael\u201d debe detener sus cr\u00edmenes contra los palestinos, incluidos los asesinatos y da\u00f1os materiales. Enfatiz\u00f3 que \u201cIsrael\u201d no puede cometer impunemente estas acciones.<\/p>\n<p style=\"text-align: justify;\">Tambi\u00e9n destac\u00f3 que todos los miembros de las Naciones Unidas tienen herramientas legales para proteger a los civiles, y en este caso, Sud\u00e1frica no puede quedarse de brazos cruzados y debe hacer todo lo posible para proteger a los palestinos.<\/p>\n<p style=\"text-align: justify;\">La Ministra de Relaciones Exteriores explic\u00f3 que la decisi\u00f3n de la CIJ se bas\u00f3 en la acusaci\u00f3n de genocidio contra \u201cIsrael\u201d, y destac\u00f3 que la Convenci\u00f3n para la Prevenci\u00f3n y la Sanci\u00f3n del Delito de Genocidio ahora se ha aplicado.<\/p>\n<p style=\"text-align: justify;\">Inst\u00f3 a las Naciones Unidas a actuar r\u00e1pidamente en este sentido y record\u00f3 a los pa\u00edses que respaldan a \u201cIsrael\u201d su obligaci\u00f3n de cumplir con el derecho internacional.<\/p>\n<p style=\"text-align: justify;\"><em><strong>ah<\/strong><\/em><\/p>\n","protected":false},"excerpt":{"rendered":"<p>La Haya, 27 ene (SANA) La Ministra de Relaciones Exteriores de Sud\u00e1frica, Naledi Pandor, elogi\u00f3 la decisi\u00f3n de la Corte Internacional de Justicia (CIJ) de imponer medidas provisionales contra \u201cIsrael\u201d en la demanda presentada por su pa\u00eds sobre el genocidio cometido contra el pueblo palestino en la Franja de Gaza. Pandor expres\u00f3 que Sud\u00e1frica esperaba &hellip;<\/p>\n","protected":false},"author":30,"featured_media":320612,"comment_status":"closed","ping_status":"closed","sticky":false,"template":"","format":"standard","meta":{"footnotes":""},"categories":[597,456,20724,7541],"tags":[],"class_list":["post-320611","post","type-post","status-publish","format-standard","has-post-thumbnail","","category-cinta-de-noticias","category-arabe-internacional-politica","category-minuto-a-minuto","category-ultimas-noticias"],"_links":{"self":[{"href":"https:\/\/archive.sana.sy\/es\/index.php?rest_route=\/wp\/v2\/posts\/320611"}],"collection":[{"href":"https:\/\/archive.sana.sy\/es\/index.php?rest_route=\/wp\/v2\/posts"}],"about":[{"href":"https:\/\/archive.sana.sy\/es\/index.php?rest_route=\/wp\/v2\/types\/post"}],"author":[{"embeddable":true,"href":"https:\/\/archive.sana.sy\/es\/index.php?rest_route=\/wp\/v2\/users\/30"}],"replies":[{"embeddable":true,"href":"https:\/\/archive.sana.sy\/es\/index.php?rest_route=%2Fwp%2Fv2%2Fcomments&post=320611"}],"version-history":[{"count":2,"href":"https:\/\/archive.sana.sy\/es\/index.php?rest_route=\/wp\/v2\/posts\/320611\/revisions"}],"predecessor-version":[{"id":320614,"href":"https:\/\/archive.sana.sy\/es\/index.php?rest_route=\/wp\/v2\/posts\/320611\/revisions\/320614"}],"wp:featuredmedia":[{"embeddable":true,"href":"https:\/\/archive.sana.sy\/es\/index.php?rest_route=\/wp\/v2\/media\/320612"}],"wp:attachment":[{"href":"https:\/\/archive.sana.sy\/es\/index.php?rest_route=%2Fwp%2Fv2%2Fmedia&parent=320611"}],"wp:term":[{"taxonomy":"category","embeddable":true,"href":"https:\/\/archive.sana.sy\/es\/index.php?rest_route=%2Fwp%2Fv2%2Fcategories&post=320611"},{"taxonomy":"post_tag","embeddable":true,"href":"https:\/\/archive.sana.sy\/es\/index.php?rest_route=%2Fwp%2Fv2%2Ftags&post=320611"}],"curies":[{"name":"wp","href":"https:\/\/api.w.org\/{rel}","templated":true}]}}