{"id":320624,"date":"2024-01-27T11:33:21","date_gmt":"2024-01-27T08:33:21","guid":{"rendered":"https:\/\/sana.sy\/es\/?p=320624"},"modified":"2024-01-27T11:33:21","modified_gmt":"2024-01-27T08:33:21","slug":"nueva-agresion-estadounidense-britanica-contra-yemen","status":"publish","type":"post","link":"https:\/\/archive.sana.sy\/es\/?p=320624","title":{"rendered":"Nueva agresi\u00f3n estadounidense-brit\u00e1nica contra Yemen"},"content":{"rendered":"<p style=\"text-align: justify;\"><span style=\"color: #800000;\"><strong>San\u00e1, 27 ene (SANA)<\/strong><\/span> La provincia yemen\u00ed de Al-Hudayda fue blanco de una nueva agresi\u00f3n a\u00e9rea estadounidense-brit\u00e1nica.<\/p>\n<p style=\"text-align: justify;\">Seg\u00fan informaron este s\u00e1bado los medios yemen\u00edes, Estados Unidos y Reino Unido agredieron con dos ataques a\u00e9reos la localidad de Ras Isa en la provincia yemen\u00ed de Al-Hudayda.<\/p>\n<p style=\"text-align: justify;\">Estados Unidos y Reino Unido llevaron a cabo una agresi\u00f3n el 18 del este mes en curso contra Yemen, que afect\u00f3 a las provincias de Al-Hudayda, Taiz, Dhamar, Al-Bayda y Saada.<\/p>\n<p style=\"text-align: justify;\"><em><strong>ah<\/strong><\/em><\/p>\n","protected":false},"excerpt":{"rendered":"<p>San\u00e1, 27 ene (SANA) La provincia yemen\u00ed de Al-Hudayda fue blanco de una nueva agresi\u00f3n a\u00e9rea estadounidense-brit\u00e1nica. Seg\u00fan informaron este s\u00e1bado los medios yemen\u00edes, Estados Unidos y Reino Unido agredieron con dos ataques a\u00e9reos la localidad de Ras Isa en la provincia yemen\u00ed de Al-Hudayda. Estados Unidos y Reino Unido llevaron a cabo una agresi\u00f3n &hellip;<\/p>\n","protected":false},"author":30,"featured_media":320625,"comment_status":"closed","ping_status":"closed","sticky":false,"template":"","format":"standard","meta":{"footnotes":""},"categories":[597,456,20724,7541],"tags":[],"class_list":["post-320624","post","type-post","status-publish","format-standard","has-post-thumbnail","","category-cinta-de-noticias","category-arabe-internacional-politica","category-minuto-a-minuto","category-ultimas-noticias"],"_links":{"self":[{"href":"https:\/\/archive.sana.sy\/es\/index.php?rest_route=\/wp\/v2\/posts\/320624"}],"collection":[{"href":"https:\/\/archive.sana.sy\/es\/index.php?rest_route=\/wp\/v2\/posts"}],"about":[{"href":"https:\/\/archive.sana.sy\/es\/index.php?rest_route=\/wp\/v2\/types\/post"}],"author":[{"embeddable":true,"href":"https:\/\/archive.sana.sy\/es\/index.php?rest_route=\/wp\/v2\/users\/30"}],"replies":[{"embeddable":true,"href":"https:\/\/archive.sana.sy\/es\/index.php?rest_route=%2Fwp%2Fv2%2Fcomments&post=320624"}],"version-history":[{"count":1,"href":"https:\/\/archive.sana.sy\/es\/index.php?rest_route=\/wp\/v2\/posts\/320624\/revisions"}],"predecessor-version":[{"id":320626,"href":"https:\/\/archive.sana.sy\/es\/index.php?rest_route=\/wp\/v2\/posts\/320624\/revisions\/320626"}],"wp:featuredmedia":[{"embeddable":true,"href":"https:\/\/archive.sana.sy\/es\/index.php?rest_route=\/wp\/v2\/media\/320625"}],"wp:attachment":[{"href":"https:\/\/archive.sana.sy\/es\/index.php?rest_route=%2Fwp%2Fv2%2Fmedia&parent=320624"}],"wp:term":[{"taxonomy":"category","embeddable":true,"href":"https:\/\/archive.sana.sy\/es\/index.php?rest_route=%2Fwp%2Fv2%2Fcategories&post=320624"},{"taxonomy":"post_tag","embeddable":true,"href":"https:\/\/archive.sana.sy\/es\/index.php?rest_route=%2Fwp%2Fv2%2Ftags&post=320624"}],"curies":[{"name":"wp","href":"https:\/\/api.w.org\/{rel}","templated":true}]}}