{"id":320627,"date":"2024-01-27T11:36:29","date_gmt":"2024-01-27T08:36:29","guid":{"rendered":"https:\/\/sana.sy\/es\/?p=320627"},"modified":"2024-01-27T11:36:29","modified_gmt":"2024-01-27T08:36:29","slug":"la-onu-israel-debe-detener-acciones-contrarias-al-convenio-para-la-prevencion-del-genocidio","status":"publish","type":"post","link":"https:\/\/archive.sana.sy\/es\/?p=320627","title":{"rendered":"La ONU: \u201cIsrael\u201d debe detener acciones contrarias al Convenio para la Prevenci\u00f3n del Genocidio"},"content":{"rendered":"<p style=\"text-align: justify;\"><span style=\"color: #800000;\"><strong>Nueva York, 27 ene (SANA)<\/strong><\/span> El Secretario General de las Naciones Unidas, Ant\u00f3nio Guterres, afirm\u00f3 que la decisi\u00f3n emitida por la Corte Internacional de Justicia (CIJ) sobre la demanda de genocidio presentado por Sud\u00e1frica contra \u201cIsrael\u201d es vinculante para todas las partes.<\/p>\n<p style=\"text-align: justify;\">Guterres se\u00f1al\u00f3, seg\u00fan un comunicado de la Oficina de Prensa de las Naciones Unidas, que &#8220;la decisi\u00f3n de la CIJ inst\u00f3 a \u201cIsrael\u201d a tomar todas las medidas relacionadas con los palestinos en Gaza para prevenir actos incluidos en el art\u00edculo 2 del Convenio para la Prevenci\u00f3n del Genocidio, como asesinato, causar da\u00f1o f\u00edsico o mental grave, y la imposici\u00f3n de condiciones de vida destinadas a destruir a los palestinos &#8220;.<\/p>\n<p style=\"text-align: justify;\">Hizo hincapi\u00e9 en que las decisiones de la CIJ obligan a \u201cIsrael\u201d a garantizar de inmediato que sus fuerzas no cometan ninguna de estas acciones, y destac\u00f3 que la Corte confirm\u00f3 que &#8220;todas las partes en la Franja de Gaza est\u00e1n obligadas por el derecho internacional humanitario&#8221;.<\/p>\n<p style=\"text-align: justify;\">Seg\u00fan el comunicado, Guterres remitir\u00e1, seg\u00fan lo establecido en el estatuto de la Corte, la decisi\u00f3n de las medidas provisionales emitida por la Corte Internacional de Justicia sobre \u201cIsrael\u201d al Consejo de Seguridad.<\/p>\n<p style=\"text-align: justify;\">Previamente, la actual presidencia del Consejo de Seguridad de las Naciones Unidas anunci\u00f3 que el Consejo se reunir\u00e1 el mi\u00e9rcoles para considerar la decisi\u00f3n de la Corte Internacional de Justicia, que inst\u00f3 a la entidad de ocupaci\u00f3n israel\u00ed a evitar cualquier posible &#8220;genocidio&#8221; en la Franja de Gaza.<\/p>\n<p style=\"text-align: justify;\">La CIJ impuso este viernes varias medidas provisionales sobre el caso presentado por Sud\u00e1frica contra Israel, incluida la necesidad de tomar todas las medidas para prevenir acciones prohibidas por el Convenio para la Prevenci\u00f3n del Genocidio y garantizar la provisi\u00f3n inmediata de las necesidades humanitarias urgentes en la Franja de Gaza.<\/p>\n<p style=\"text-align: justify;\">La CIJ celebr\u00f3 audiencias p\u00fablicas en La Haya los d\u00edas 11 y 12 del mes en curso como parte del inicio de la consideraci\u00f3n de la demanda presentada por Sud\u00e1frica contra \u201cIsrael\u201d por cr\u00edmenes de genocidio contra los palestinos en la Franja de Gaza.<\/p>\n<p style=\"text-align: justify;\"><em><strong>ah<\/strong><\/em><\/p>\n","protected":false},"excerpt":{"rendered":"<p>Nueva York, 27 ene (SANA) El Secretario General de las Naciones Unidas, Ant\u00f3nio Guterres, afirm\u00f3 que la decisi\u00f3n emitida por la Corte Internacional de Justicia (CIJ) sobre la demanda de genocidio presentado por Sud\u00e1frica contra \u201cIsrael\u201d es vinculante para todas las partes. Guterres se\u00f1al\u00f3, seg\u00fan un comunicado de la Oficina de Prensa de las Naciones &hellip;<\/p>\n","protected":false},"author":30,"featured_media":320628,"comment_status":"closed","ping_status":"closed","sticky":false,"template":"","format":"standard","meta":{"footnotes":""},"categories":[597,456,20724,7541],"tags":[],"class_list":["post-320627","post","type-post","status-publish","format-standard","has-post-thumbnail","","category-cinta-de-noticias","category-arabe-internacional-politica","category-minuto-a-minuto","category-ultimas-noticias"],"_links":{"self":[{"href":"https:\/\/archive.sana.sy\/es\/index.php?rest_route=\/wp\/v2\/posts\/320627"}],"collection":[{"href":"https:\/\/archive.sana.sy\/es\/index.php?rest_route=\/wp\/v2\/posts"}],"about":[{"href":"https:\/\/archive.sana.sy\/es\/index.php?rest_route=\/wp\/v2\/types\/post"}],"author":[{"embeddable":true,"href":"https:\/\/archive.sana.sy\/es\/index.php?rest_route=\/wp\/v2\/users\/30"}],"replies":[{"embeddable":true,"href":"https:\/\/archive.sana.sy\/es\/index.php?rest_route=%2Fwp%2Fv2%2Fcomments&post=320627"}],"version-history":[{"count":1,"href":"https:\/\/archive.sana.sy\/es\/index.php?rest_route=\/wp\/v2\/posts\/320627\/revisions"}],"predecessor-version":[{"id":320629,"href":"https:\/\/archive.sana.sy\/es\/index.php?rest_route=\/wp\/v2\/posts\/320627\/revisions\/320629"}],"wp:featuredmedia":[{"embeddable":true,"href":"https:\/\/archive.sana.sy\/es\/index.php?rest_route=\/wp\/v2\/media\/320628"}],"wp:attachment":[{"href":"https:\/\/archive.sana.sy\/es\/index.php?rest_route=%2Fwp%2Fv2%2Fmedia&parent=320627"}],"wp:term":[{"taxonomy":"category","embeddable":true,"href":"https:\/\/archive.sana.sy\/es\/index.php?rest_route=%2Fwp%2Fv2%2Fcategories&post=320627"},{"taxonomy":"post_tag","embeddable":true,"href":"https:\/\/archive.sana.sy\/es\/index.php?rest_route=%2Fwp%2Fv2%2Ftags&post=320627"}],"curies":[{"name":"wp","href":"https:\/\/api.w.org\/{rel}","templated":true}]}}