{"id":320685,"date":"2024-01-28T16:15:48","date_gmt":"2024-01-28T13:15:48","guid":{"rendered":"https:\/\/sana.sy\/es\/?p=320685"},"modified":"2024-01-28T16:25:35","modified_gmt":"2024-01-28T13:25:35","slug":"el-minuto-a-minuto-de-la-agresion-israeli-a-gaza-23","status":"publish","type":"post","link":"https:\/\/archive.sana.sy\/es\/?p=320685","title":{"rendered":"El Minuto a minuto de la agresi\u00f3n israel\u00ed a Gaza"},"content":{"rendered":"<p style=\"text-align: justify;\"><span style=\"color: #800000;\"><strong>Jerusal\u00e9n ocupada, 28 ene (SANA)\u00a0<\/strong><\/span> \u00a0<strong>A continuaci\u00f3n, los desarrollos m\u00e1s recientes sobre la agresi\u00f3n israel\u00ed contra la Franja de Gaza:<\/strong><\/p>\n<p style=\"text-align: justify;\">???????? Resistencia palestina ataca con proyectiles a tres veh\u00edculos militares israel\u00edes en el barrio de Al-Amal y Jourat Al-Akkad, al oeste de la ciudad de Khan Yunis, en el sur de Gaza.<\/p>\n<p style=\"text-align: justify;\">????????\u00a0Resistencia palestina ataca con obuses dos tanques Merkava del ocupante israel\u00ed en el barrio de Al-Amal, al oeste de la ciudad de Khan Yunis, al sur de la Franja de Gaza.<\/p>\n<p style=\"text-align: justify;\">????????\u00a0 Resistencia palestina: Nuestros combatientes libran feroces enfrentamientos contra soldados de la ocupaci\u00f3n israel\u00edes en la ciudad de Khan Yunis, al sur de la Franja de Gaza.<\/p>\n<p style=\"text-align: justify;\">????????\u00a0 Muertos y heridos en el 114 d\u00eda de la agresi\u00f3n israel\u00ed contra Gaza.<\/p>\n<p style=\"text-align: justify;\">????????\u00a0 Ministerio de Salud palestino: Durante 114 d\u00edas de la agresi\u00f3n israel\u00ed contra Gaza, el n\u00famero de v\u00edctimas ha aumentado a 26.422 muertos y 65.087 heridos.<\/p>\n<p style=\"text-align: justify;\">????????\u00a0 Ocho civiles muertos y varios heridos en un bombardeo de la ocupaci\u00f3n israel\u00ed contra una casa en el barrio de Al-Zaytoun en la ciudad de Gaza.<\/p>\n<p style=\"text-align: justify;\">????????\u00a0 Ministerio de Salud palestina: se agotan muchos medicamentos en el Complejo M\u00e9dico Nasser, asediado por la ocupaci\u00f3n israel\u00ed.<\/p>\n<p style=\"text-align: justify;\">????????\u00a0 Muertos y heridos en bombardeos a\u00e9reos israel\u00edes contra una vivienda en el barrio de Al-Jeneina, en el este de la ciudad de Rafah, al sur de la Franja de Gaza.<\/p>\n","protected":false},"excerpt":{"rendered":"<p>Jerusal\u00e9n ocupada, 28 ene (SANA)\u00a0 \u00a0A continuaci\u00f3n, los desarrollos m\u00e1s recientes sobre la agresi\u00f3n israel\u00ed contra la Franja de Gaza: ???????? Resistencia palestina ataca con proyectiles a tres veh\u00edculos militares israel\u00edes en el barrio de Al-Amal y Jourat Al-Akkad, al oeste de la ciudad de Khan Yunis, en el sur de Gaza. ????????\u00a0Resistencia palestina ataca &hellip;<\/p>\n","protected":false},"author":31,"featured_media":320689,"comment_status":"closed","ping_status":"closed","sticky":false,"template":"","format":"standard","meta":{"footnotes":""},"categories":[597,456,16687,583],"tags":[12002,1494],"class_list":["post-320685","post","type-post","status-publish","format-standard","has-post-thumbnail","","category-cinta-de-noticias","category-arabe-internacional-politica","category-internacionales","category-slide","tag-gaza","tag-palestina"],"_links":{"self":[{"href":"https:\/\/archive.sana.sy\/es\/index.php?rest_route=\/wp\/v2\/posts\/320685"}],"collection":[{"href":"https:\/\/archive.sana.sy\/es\/index.php?rest_route=\/wp\/v2\/posts"}],"about":[{"href":"https:\/\/archive.sana.sy\/es\/index.php?rest_route=\/wp\/v2\/types\/post"}],"author":[{"embeddable":true,"href":"https:\/\/archive.sana.sy\/es\/index.php?rest_route=\/wp\/v2\/users\/31"}],"replies":[{"embeddable":true,"href":"https:\/\/archive.sana.sy\/es\/index.php?rest_route=%2Fwp%2Fv2%2Fcomments&post=320685"}],"version-history":[{"count":6,"href":"https:\/\/archive.sana.sy\/es\/index.php?rest_route=\/wp\/v2\/posts\/320685\/revisions"}],"predecessor-version":[{"id":320700,"href":"https:\/\/archive.sana.sy\/es\/index.php?rest_route=\/wp\/v2\/posts\/320685\/revisions\/320700"}],"wp:featuredmedia":[{"embeddable":true,"href":"https:\/\/archive.sana.sy\/es\/index.php?rest_route=\/wp\/v2\/media\/320689"}],"wp:attachment":[{"href":"https:\/\/archive.sana.sy\/es\/index.php?rest_route=%2Fwp%2Fv2%2Fmedia&parent=320685"}],"wp:term":[{"taxonomy":"category","embeddable":true,"href":"https:\/\/archive.sana.sy\/es\/index.php?rest_route=%2Fwp%2Fv2%2Fcategories&post=320685"},{"taxonomy":"post_tag","embeddable":true,"href":"https:\/\/archive.sana.sy\/es\/index.php?rest_route=%2Fwp%2Fv2%2Ftags&post=320685"}],"curies":[{"name":"wp","href":"https:\/\/api.w.org\/{rel}","templated":true}]}}