{"id":320770,"date":"2024-01-29T18:45:28","date_gmt":"2024-01-29T15:45:28","guid":{"rendered":"https:\/\/sana.sy\/es\/?p=320770"},"modified":"2024-01-29T18:51:11","modified_gmt":"2024-01-29T15:51:11","slug":"muertos-y-heridos-en-nueva-agresion-israeli-contra-el-sur-de-damasco","status":"publish","type":"post","link":"https:\/\/archive.sana.sy\/es\/?p=320770","title":{"rendered":"Muertos y heridos en nueva agresi\u00f3n israel\u00ed contra el sur de Damasco"},"content":{"rendered":"<p style=\"text-align: justify;\"><span style=\"color: #800000;\"><strong>Damasco, 29 ene (SANA)\u00a0 <\/strong><\/span>Varios civiles perdieron la vida y otros resultaron heridos como resultado de una agresi\u00f3n israel\u00ed perpetrado hoy contra varios puntos en el sur de Damasco.<\/p>\n<p style=\"text-align: justify;\">Una fuente militar inform\u00f3 a SANA que \u201calrededor de las 13:00 hora local de hoy, el enemigo sionista llev\u00f3 a cabo un ataque a\u00e9reo con misiles disparados desde la direcci\u00f3n del Gol\u00e1n sirio ocupado contra varios puntos en el sur de Damasco.\u201d<\/p>\n<p style=\"text-align: justify;\">Detall\u00f3 que la agresi\u00f3n provoc\u00f3 numerosos muertos y heridos civiles, adem\u00e1s de algunas p\u00e9rdidas materiales.<\/p>\n<p style=\"text-align: justify;\">rr<\/p>\n","protected":false},"excerpt":{"rendered":"<p>Damasco, 29 ene (SANA)\u00a0 Varios civiles perdieron la vida y otros resultaron heridos como resultado de una agresi\u00f3n israel\u00ed perpetrado hoy contra varios puntos en el sur de Damasco. Una fuente militar inform\u00f3 a SANA que \u201calrededor de las 13:00 hora local de hoy, el enemigo sionista llev\u00f3 a cabo un ataque a\u00e9reo con misiles &hellip;<\/p>\n","protected":false},"author":31,"featured_media":320771,"comment_status":"closed","ping_status":"closed","sticky":false,"template":"","format":"standard","meta":{"footnotes":""},"categories":[477,597,573,476,583],"tags":[],"class_list":["post-320770","post","type-post","status-publish","format-standard","has-post-thumbnail","","category-noticias-edulcorantes","category-cinta-de-noticias","category-la-realidad-de-los-acontecimientos-en-siria","category-locales","category-slide"],"_links":{"self":[{"href":"https:\/\/archive.sana.sy\/es\/index.php?rest_route=\/wp\/v2\/posts\/320770"}],"collection":[{"href":"https:\/\/archive.sana.sy\/es\/index.php?rest_route=\/wp\/v2\/posts"}],"about":[{"href":"https:\/\/archive.sana.sy\/es\/index.php?rest_route=\/wp\/v2\/types\/post"}],"author":[{"embeddable":true,"href":"https:\/\/archive.sana.sy\/es\/index.php?rest_route=\/wp\/v2\/users\/31"}],"replies":[{"embeddable":true,"href":"https:\/\/archive.sana.sy\/es\/index.php?rest_route=%2Fwp%2Fv2%2Fcomments&post=320770"}],"version-history":[{"count":1,"href":"https:\/\/archive.sana.sy\/es\/index.php?rest_route=\/wp\/v2\/posts\/320770\/revisions"}],"predecessor-version":[{"id":320772,"href":"https:\/\/archive.sana.sy\/es\/index.php?rest_route=\/wp\/v2\/posts\/320770\/revisions\/320772"}],"wp:featuredmedia":[{"embeddable":true,"href":"https:\/\/archive.sana.sy\/es\/index.php?rest_route=\/wp\/v2\/media\/320771"}],"wp:attachment":[{"href":"https:\/\/archive.sana.sy\/es\/index.php?rest_route=%2Fwp%2Fv2%2Fmedia&parent=320770"}],"wp:term":[{"taxonomy":"category","embeddable":true,"href":"https:\/\/archive.sana.sy\/es\/index.php?rest_route=%2Fwp%2Fv2%2Fcategories&post=320770"},{"taxonomy":"post_tag","embeddable":true,"href":"https:\/\/archive.sana.sy\/es\/index.php?rest_route=%2Fwp%2Fv2%2Ftags&post=320770"}],"curies":[{"name":"wp","href":"https:\/\/api.w.org\/{rel}","templated":true}]}}