{"id":320795,"date":"2024-01-29T20:08:33","date_gmt":"2024-01-29T17:08:33","guid":{"rendered":"https:\/\/sana.sy\/es\/?p=320795"},"modified":"2024-01-29T20:08:33","modified_gmt":"2024-01-29T17:08:33","slug":"siria-e-iran-destacan-solidez-de-lazos-bilaterales-y-confirman-seguir-luchando-contra-el-terrorismo","status":"publish","type":"post","link":"https:\/\/archive.sana.sy\/es\/?p=320795","title":{"rendered":"Siria e Ir\u00e1n destacan solidez de lazos bilaterales y confirman seguir luchando contra el terrorismo"},"content":{"rendered":"<p style=\"text-align: justify;\"><span style=\"color: #800000;\"><strong>Damasco, 29 ene (SANA)<\/strong><\/span>\u00a0 \u00a0El presidente de la Asamblea del Pueblo sirio (Parlamento), Hammouda Sabbagh, se reuni\u00f3 con el ministro adjunto del Ministro de Interior iran\u00ed para Asuntos de Seguridad y Polic\u00eda, Majeed Mir Ahmadi, y la delegaci\u00f3n que lo acompa\u00f1a.<\/p>\n<p style=\"text-align: justify;\">Durante la reuni\u00f3n, Sabbagh destac\u00f3 la profundidad de las relaciones arraigadas entre ambos pa\u00edses y su larga historia de lucha contra el terrorismo global.<\/p>\n<p style=\"text-align: justify;\"><img loading=\"lazy\" decoding=\"async\" class=\"size-medium wp-image-320797 alignleft\" src=\"http:\/\/sana.sy\/es\/wp-content\/uploads\/2024\/01\/DSC_5631-copy-300x200.jpg\" alt=\"\" width=\"300\" height=\"200\" srcset=\"https:\/\/archive.sana.sy\/es\/wp-content\/uploads\/2024\/01\/DSC_5631-copy-300x200.jpg 300w, https:\/\/archive.sana.sy\/es\/wp-content\/uploads\/2024\/01\/DSC_5631-copy-150x100.jpg 150w, https:\/\/archive.sana.sy\/es\/wp-content\/uploads\/2024\/01\/DSC_5631-copy.jpg 660w\" sizes=\"(max-width: 300px) 100vw, 300px\" \/>&#8220;Siria e Ir\u00e1n est\u00e1n expuestos a una conspiraci\u00f3n liderada por Estados Unidos y la entidad sionista, pero ambos pa\u00edses est\u00e1n decididos a resistir toda conspiraci\u00f3n y presi\u00f3n&#8221;, afirm\u00f3.<\/p>\n<p style=\"text-align: justify;\">Por su parte, el alto funcionario iran\u00ed apreci\u00f3 la postura de respaldo hist\u00f3rica de Siria a Ir\u00e1n desde la Revoluci\u00f3n Isl\u00e1mica, y se\u00f1al\u00f3 la importancia de fortalecer la cooperaci\u00f3n bilateral y el intercambio de experiencias en diversos campos.<\/p>\n<p style=\"text-align: justify;\">Asimismo, subray\u00f3 el respaldo de su pa\u00eds a Siria en la lucha contra el terrorismo patrocinado por EEUU e \u201cIsrael\u201d, y confirm\u00f3 que la firmeza de la resistencia palestina y el eje de resistencia conducir\u00e1n a la derrota definitiva de este ente criminal.<\/p>\n<p style=\"text-align: justify;\">rr\/sm<\/p>\n","protected":false},"excerpt":{"rendered":"<p>Damasco, 29 ene (SANA)\u00a0 \u00a0El presidente de la Asamblea del Pueblo sirio (Parlamento), Hammouda Sabbagh, se reuni\u00f3 con el ministro adjunto del Ministro de Interior iran\u00ed para Asuntos de Seguridad y Polic\u00eda, Majeed Mir Ahmadi, y la delegaci\u00f3n que lo acompa\u00f1a. Durante la reuni\u00f3n, Sabbagh destac\u00f3 la profundidad de las relaciones arraigadas entre ambos pa\u00edses &hellip;<\/p>\n","protected":false},"author":31,"featured_media":320796,"comment_status":"closed","ping_status":"closed","sticky":false,"template":"","format":"standard","meta":{"footnotes":""},"categories":[597,476,467,7541],"tags":[],"class_list":["post-320795","post","type-post","status-publish","format-standard","has-post-thumbnail","","category-cinta-de-noticias","category-locales","category-siria-y-el-mundo","category-ultimas-noticias"],"_links":{"self":[{"href":"https:\/\/archive.sana.sy\/es\/index.php?rest_route=\/wp\/v2\/posts\/320795"}],"collection":[{"href":"https:\/\/archive.sana.sy\/es\/index.php?rest_route=\/wp\/v2\/posts"}],"about":[{"href":"https:\/\/archive.sana.sy\/es\/index.php?rest_route=\/wp\/v2\/types\/post"}],"author":[{"embeddable":true,"href":"https:\/\/archive.sana.sy\/es\/index.php?rest_route=\/wp\/v2\/users\/31"}],"replies":[{"embeddable":true,"href":"https:\/\/archive.sana.sy\/es\/index.php?rest_route=%2Fwp%2Fv2%2Fcomments&post=320795"}],"version-history":[{"count":1,"href":"https:\/\/archive.sana.sy\/es\/index.php?rest_route=\/wp\/v2\/posts\/320795\/revisions"}],"predecessor-version":[{"id":320798,"href":"https:\/\/archive.sana.sy\/es\/index.php?rest_route=\/wp\/v2\/posts\/320795\/revisions\/320798"}],"wp:featuredmedia":[{"embeddable":true,"href":"https:\/\/archive.sana.sy\/es\/index.php?rest_route=\/wp\/v2\/media\/320796"}],"wp:attachment":[{"href":"https:\/\/archive.sana.sy\/es\/index.php?rest_route=%2Fwp%2Fv2%2Fmedia&parent=320795"}],"wp:term":[{"taxonomy":"category","embeddable":true,"href":"https:\/\/archive.sana.sy\/es\/index.php?rest_route=%2Fwp%2Fv2%2Fcategories&post=320795"},{"taxonomy":"post_tag","embeddable":true,"href":"https:\/\/archive.sana.sy\/es\/index.php?rest_route=%2Fwp%2Fv2%2Ftags&post=320795"}],"curies":[{"name":"wp","href":"https:\/\/api.w.org\/{rel}","templated":true}]}}