{"id":320822,"date":"2024-01-30T11:08:59","date_gmt":"2024-01-30T08:08:59","guid":{"rendered":"https:\/\/sana.sy\/es\/?p=320822"},"modified":"2024-01-30T11:08:59","modified_gmt":"2024-01-30T08:08:59","slug":"mas-de-20-muertos-y-decenas-de-heridos-por-la-agresion-israeli-en-curso-contra-gaza","status":"publish","type":"post","link":"https:\/\/archive.sana.sy\/es\/?p=320822","title":{"rendered":"M\u00e1s de 20 muertos y decenas de heridos por la agresi\u00f3n israel\u00ed en curso contra Gaza"},"content":{"rendered":"<p style=\"text-align: justify;\"><span style=\"color: #800000;\"><strong>Jerusal\u00e9n ocupada, 30 ene (SANA)<\/strong><\/span>\u00a0 \u00a0M\u00e1s de 20 palestinos murieron y decenas resultaron heridos como resultado de la actual agresi\u00f3n de ocupaci\u00f3n israel\u00ed contra la Franja de Gaza.<\/p>\n<p style=\"text-align: justify;\">\u201cDurante las \u00faltimas horas, los cazas de la ocupaci\u00f3n israel\u00edes bombardearon varias viviendas en el barrio de Al-Sabra en la ciudad de Gaza y el campamento de Nuseirat en el centro de la Franja de Gaza, provocando la muerte de m\u00e1s de 20 palestinos y decenas de heridos\u201d, inform\u00f3 hoy la agencia palestina de noticias Wafa.<\/p>\n<p style=\"text-align: justify;\">La aviaci\u00f3n del ocupante sionista lanz\u00f3 varias incursiones contra la ciudad de Rafah, al sur de la Franja, mientras que su artiller\u00eda bombarde\u00f3 diversas zonas de Beit Lahia, al norte de la misma, y \u200b\u200blas proximidades del Hospital Nasser, la zona de Batn al-Sameen y el barrio de Al-Amal en Khan Yunis.<\/p>\n<p style=\"text-align: justify;\">La v\u00edspera, el Ministerio de Salud palestino anunci\u00f3 que el n\u00famero de v\u00edctimas de la actual agresi\u00f3n israel\u00ed a la Franja de Gaza, desde el 7 de octubre pasado, hab\u00eda aumentado a 26.637 muertos y 65.387 heridos.<\/p>\n<p style=\"text-align: justify;\">rr<\/p>\n","protected":false},"excerpt":{"rendered":"<p>Jerusal\u00e9n ocupada, 30 ene (SANA)\u00a0 \u00a0M\u00e1s de 20 palestinos murieron y decenas resultaron heridos como resultado de la actual agresi\u00f3n de ocupaci\u00f3n israel\u00ed contra la Franja de Gaza. \u201cDurante las \u00faltimas horas, los cazas de la ocupaci\u00f3n israel\u00edes bombardearon varias viviendas en el barrio de Al-Sabra en la ciudad de Gaza y el campamento de &hellip;<\/p>\n","protected":false},"author":31,"featured_media":320823,"comment_status":"closed","ping_status":"closed","sticky":false,"template":"","format":"standard","meta":{"footnotes":""},"categories":[597,456,16687,7541],"tags":[12002,1494],"class_list":["post-320822","post","type-post","status-publish","format-standard","has-post-thumbnail","","category-cinta-de-noticias","category-arabe-internacional-politica","category-internacionales","category-ultimas-noticias","tag-gaza","tag-palestina"],"_links":{"self":[{"href":"https:\/\/archive.sana.sy\/es\/index.php?rest_route=\/wp\/v2\/posts\/320822"}],"collection":[{"href":"https:\/\/archive.sana.sy\/es\/index.php?rest_route=\/wp\/v2\/posts"}],"about":[{"href":"https:\/\/archive.sana.sy\/es\/index.php?rest_route=\/wp\/v2\/types\/post"}],"author":[{"embeddable":true,"href":"https:\/\/archive.sana.sy\/es\/index.php?rest_route=\/wp\/v2\/users\/31"}],"replies":[{"embeddable":true,"href":"https:\/\/archive.sana.sy\/es\/index.php?rest_route=%2Fwp%2Fv2%2Fcomments&post=320822"}],"version-history":[{"count":1,"href":"https:\/\/archive.sana.sy\/es\/index.php?rest_route=\/wp\/v2\/posts\/320822\/revisions"}],"predecessor-version":[{"id":320824,"href":"https:\/\/archive.sana.sy\/es\/index.php?rest_route=\/wp\/v2\/posts\/320822\/revisions\/320824"}],"wp:featuredmedia":[{"embeddable":true,"href":"https:\/\/archive.sana.sy\/es\/index.php?rest_route=\/wp\/v2\/media\/320823"}],"wp:attachment":[{"href":"https:\/\/archive.sana.sy\/es\/index.php?rest_route=%2Fwp%2Fv2%2Fmedia&parent=320822"}],"wp:term":[{"taxonomy":"category","embeddable":true,"href":"https:\/\/archive.sana.sy\/es\/index.php?rest_route=%2Fwp%2Fv2%2Fcategories&post=320822"},{"taxonomy":"post_tag","embeddable":true,"href":"https:\/\/archive.sana.sy\/es\/index.php?rest_route=%2Fwp%2Fv2%2Ftags&post=320822"}],"curies":[{"name":"wp","href":"https:\/\/api.w.org\/{rel}","templated":true}]}}