{"id":320825,"date":"2024-01-30T12:30:03","date_gmt":"2024-01-30T09:30:03","guid":{"rendered":"https:\/\/sana.sy\/es\/?p=320825"},"modified":"2024-01-30T12:31:12","modified_gmt":"2024-01-30T09:31:12","slug":"empleados-gubernamentales-estadounidense-iniciaran-una-huelga-de-hambre-en-solidaridad-con-gaza","status":"publish","type":"post","link":"https:\/\/archive.sana.sy\/es\/?p=320825","title":{"rendered":"Empleados gubernamentales estadounidenses iniciar\u00e1n una huelga de hambre en solidaridad con Gaza"},"content":{"rendered":"<p style=\"text-align: justify;\"><span style=\"color: #800000;\"><strong>Washington, 30 ene (SANA)<\/strong><\/span>\u00a0 Decenas de empleados del gobierno estadounidense decidieron iniciar una huelga de hambre para denunciar la pol\u00edtica seguida por el presidente estadounidense Joe Biden, que apoya la ocupaci\u00f3n israel\u00ed, adem\u00e1s de denunciar atenci\u00f3n a la catastr\u00f3fica situaci\u00f3n que viven los residentes de la Franja de Gaza como resultado de la actual agresi\u00f3n israel\u00ed.<\/p>\n<p style=\"text-align: justify;\">Seg\u00fan inform\u00f3 el peri\u00f3dico brit\u00e1nico \u201cThe Guardian\u201d, la huelga ser\u00e1 llevada a cabo por un grupo autodenominado \u201cFederalistas Unidos por la Paz\u201d y formado por decenas de empleados estatales estadounidense.<\/p>\n<p style=\"text-align: justify;\">The Guardian cit\u00f3 a una declaraci\u00f3n de representantes del Grupo en la que confirmaron que la principal raz\u00f3n detr\u00e1s de esta medida es su condena y rechazo categ\u00f3rico al uso del hambre, por parte de la ocupaci\u00f3n israel\u00ed, como arma contra los civiles, al bloquear la entrada de alimentos y ayuda humanitaria a la Franja.<\/p>\n<p style=\"text-align: justify;\">Adem\u00e1s, el peri\u00f3dico revel\u00f3 que los miembros del Grupo tomar\u00e1n una serie de iniciativas simb\u00f3licas para expresar su protesta, como vestir ropa negra, la kufiya u otros signos y s\u00edmbolos que expresan solidaridad con los palestinos.<\/p>\n<p style=\"text-align: justify;\">El grupo, cuyos miembros representan agencias gubernamentales, incluidos los ministerios de Defensa y Seguridad Nacional, y otros, adem\u00e1s de empleados gubernamentales e interesados \u200b\u200ben asuntos pol\u00edticos, dice que su objetivo es permitir la expresi\u00f3n de opiniones contrarias a las pol\u00edticas de la administraci\u00f3n de EE.UU. hacia los palestinos y trabajar eficazmente a nivel pol\u00edtico.<\/p>\n<p style=\"text-align: justify;\">rr<\/p>\n","protected":false},"excerpt":{"rendered":"<p>Washington, 30 ene (SANA)\u00a0 Decenas de empleados del gobierno estadounidense decidieron iniciar una huelga de hambre para denunciar la pol\u00edtica seguida por el presidente estadounidense Joe Biden, que apoya la ocupaci\u00f3n israel\u00ed, adem\u00e1s de denunciar atenci\u00f3n a la catastr\u00f3fica situaci\u00f3n que viven los residentes de la Franja de Gaza como resultado de la actual agresi\u00f3n &hellip;<\/p>\n","protected":false},"author":31,"featured_media":320826,"comment_status":"closed","ping_status":"closed","sticky":false,"template":"","format":"standard","meta":{"footnotes":""},"categories":[597,456,16687,7541],"tags":[],"class_list":["post-320825","post","type-post","status-publish","format-standard","has-post-thumbnail","","category-cinta-de-noticias","category-arabe-internacional-politica","category-internacionales","category-ultimas-noticias"],"_links":{"self":[{"href":"https:\/\/archive.sana.sy\/es\/index.php?rest_route=\/wp\/v2\/posts\/320825"}],"collection":[{"href":"https:\/\/archive.sana.sy\/es\/index.php?rest_route=\/wp\/v2\/posts"}],"about":[{"href":"https:\/\/archive.sana.sy\/es\/index.php?rest_route=\/wp\/v2\/types\/post"}],"author":[{"embeddable":true,"href":"https:\/\/archive.sana.sy\/es\/index.php?rest_route=\/wp\/v2\/users\/31"}],"replies":[{"embeddable":true,"href":"https:\/\/archive.sana.sy\/es\/index.php?rest_route=%2Fwp%2Fv2%2Fcomments&post=320825"}],"version-history":[{"count":3,"href":"https:\/\/archive.sana.sy\/es\/index.php?rest_route=\/wp\/v2\/posts\/320825\/revisions"}],"predecessor-version":[{"id":320829,"href":"https:\/\/archive.sana.sy\/es\/index.php?rest_route=\/wp\/v2\/posts\/320825\/revisions\/320829"}],"wp:featuredmedia":[{"embeddable":true,"href":"https:\/\/archive.sana.sy\/es\/index.php?rest_route=\/wp\/v2\/media\/320826"}],"wp:attachment":[{"href":"https:\/\/archive.sana.sy\/es\/index.php?rest_route=%2Fwp%2Fv2%2Fmedia&parent=320825"}],"wp:term":[{"taxonomy":"category","embeddable":true,"href":"https:\/\/archive.sana.sy\/es\/index.php?rest_route=%2Fwp%2Fv2%2Fcategories&post=320825"},{"taxonomy":"post_tag","embeddable":true,"href":"https:\/\/archive.sana.sy\/es\/index.php?rest_route=%2Fwp%2Fv2%2Ftags&post=320825"}],"curies":[{"name":"wp","href":"https:\/\/api.w.org\/{rel}","templated":true}]}}