{"id":320830,"date":"2024-01-30T14:22:53","date_gmt":"2024-01-30T11:22:53","guid":{"rendered":"https:\/\/sana.sy\/es\/?p=320830"},"modified":"2024-01-30T14:23:11","modified_gmt":"2024-01-30T11:23:11","slug":"iran-las-acciones-de-eeuu-en-siria-e-irak-violan-el-derecho-internacional","status":"publish","type":"post","link":"https:\/\/archive.sana.sy\/es\/?p=320830","title":{"rendered":"Ir\u00e1n: las acciones de EEUU en Siria e Irak violan el derecho internacional"},"content":{"rendered":"<p style=\"text-align: justify;\"><span style=\"color: #800000;\"><strong>Nueva York, 30 ene (SANA)\u00a0<\/strong><\/span> El embajador y representante permanente de Ir\u00e1n ante las Naciones Unidas, Amir Saeid Iravani, afirm\u00f3 que las acciones tomadas por Estados Unidos en Siria e Irak son ilegales y violan las leyes internacionales y la Carta de las Naciones Unidas.<\/p>\n<p style=\"text-align: justify;\">\u201cEstados Unidos vierte acusaciones infundadas sobre la participaci\u00f3n de grupos paramilitares afiliados a las Fuerzas Armadas Iran\u00edes en acciones contra individuos e instalaciones estadounidenses en Irak y Siria\u201d, dijo Iravani en una carta al presidente del Consejo de Seguridad de la ONU.<\/p>\n<p style=\"text-align: justify;\">Enfatiz\u00f3 que Ir\u00e1n rechaza categ\u00f3ricamente tales afirmaciones y alegaciones.<\/p>\n<p style=\"text-align: justify;\">Pidi\u00f3 al presidente en ejercicio del Consejo de Seguridad que presentara las respuestas iran\u00edes a estas acusaciones estadounidenses a los miembros del Consejo y las aprobara formalmente.<\/p>\n<p style=\"text-align: justify;\">rr<\/p>\n","protected":false},"excerpt":{"rendered":"<p>Nueva York, 30 ene (SANA)\u00a0 El embajador y representante permanente de Ir\u00e1n ante las Naciones Unidas, Amir Saeid Iravani, afirm\u00f3 que las acciones tomadas por Estados Unidos en Siria e Irak son ilegales y violan las leyes internacionales y la Carta de las Naciones Unidas. \u201cEstados Unidos vierte acusaciones infundadas sobre la participaci\u00f3n de grupos &hellip;<\/p>\n","protected":false},"author":31,"featured_media":320832,"comment_status":"closed","ping_status":"closed","sticky":false,"template":"","format":"standard","meta":{"footnotes":""},"categories":[597,467,7541],"tags":[2866,5835,6553],"class_list":["post-320830","post","type-post","status-publish","format-standard","has-post-thumbnail","","category-cinta-de-noticias","category-siria-y-el-mundo","category-ultimas-noticias","tag-iran","tag-iraq","tag-siria"],"_links":{"self":[{"href":"https:\/\/archive.sana.sy\/es\/index.php?rest_route=\/wp\/v2\/posts\/320830"}],"collection":[{"href":"https:\/\/archive.sana.sy\/es\/index.php?rest_route=\/wp\/v2\/posts"}],"about":[{"href":"https:\/\/archive.sana.sy\/es\/index.php?rest_route=\/wp\/v2\/types\/post"}],"author":[{"embeddable":true,"href":"https:\/\/archive.sana.sy\/es\/index.php?rest_route=\/wp\/v2\/users\/31"}],"replies":[{"embeddable":true,"href":"https:\/\/archive.sana.sy\/es\/index.php?rest_route=%2Fwp%2Fv2%2Fcomments&post=320830"}],"version-history":[{"count":1,"href":"https:\/\/archive.sana.sy\/es\/index.php?rest_route=\/wp\/v2\/posts\/320830\/revisions"}],"predecessor-version":[{"id":320831,"href":"https:\/\/archive.sana.sy\/es\/index.php?rest_route=\/wp\/v2\/posts\/320830\/revisions\/320831"}],"wp:featuredmedia":[{"embeddable":true,"href":"https:\/\/archive.sana.sy\/es\/index.php?rest_route=\/wp\/v2\/media\/320832"}],"wp:attachment":[{"href":"https:\/\/archive.sana.sy\/es\/index.php?rest_route=%2Fwp%2Fv2%2Fmedia&parent=320830"}],"wp:term":[{"taxonomy":"category","embeddable":true,"href":"https:\/\/archive.sana.sy\/es\/index.php?rest_route=%2Fwp%2Fv2%2Fcategories&post=320830"},{"taxonomy":"post_tag","embeddable":true,"href":"https:\/\/archive.sana.sy\/es\/index.php?rest_route=%2Fwp%2Fv2%2Ftags&post=320830"}],"curies":[{"name":"wp","href":"https:\/\/api.w.org\/{rel}","templated":true}]}}