{"id":320833,"date":"2024-01-30T15:28:15","date_gmt":"2024-01-30T12:28:15","guid":{"rendered":"https:\/\/sana.sy\/es\/?p=320833"},"modified":"2024-01-30T15:28:30","modified_gmt":"2024-01-30T12:28:30","slug":"la-guerra-genocida-contra-gaza-cobra-la-vida-de-26-751-civiles","status":"publish","type":"post","link":"https:\/\/archive.sana.sy\/es\/?p=320833","title":{"rendered":"La guerra genocida contra Gaza cobra la vida de 26.751 civiles"},"content":{"rendered":"<p style=\"text-align: justify;\"><span style=\"color: #800000;\"><strong>Jerusal\u00e9n ocupada, 30 ene (SANA)<\/strong><\/span>\u00a0 El n\u00famero total de v\u00edctimas de la guerra genocida que libra la ocupaci\u00f3n israel\u00ed en la Franja de Gaza desde el 7 de octubre pasado hasta la fecha se eleva a 26.751 muertos y 65.636 heridos.<\/p>\n<p style=\"text-align: justify;\">\u201cDurante las \u00faltimas 24 horas, la ocupaci\u00f3n cometi\u00f3 13 masacres en la Franja de Gaza, provocando la muerte de 114 civiles y heridas a otros 249\u201d, dijo el Ministerio de Salud de Palestina.<\/p>\n<p style=\"text-align: justify;\">Agreg\u00f3 que varias v\u00edctimas todav\u00eda se encuentran bajo los escombros y en las calles, ya que la ocupaci\u00f3n impide el acceso de las ambulancias y los equipos de defensa civil.<\/p>\n<p style=\"text-align: justify;\">\u201cLa ocupaci\u00f3n sigue recrudeciendo su asedio al Complejo M\u00e9dico Al-Nasser en Khan Yunis, al sur de la Franja, por segunda semana consecutiva, poniendo en riesgo la vida de 150 miembros del personal m\u00e9dico, 450 heridos y 3000 desplazados\u201d, indic\u00f3.<\/p>\n<p style=\"text-align: justify;\">El Ministerio explic\u00f3 que los generadores el\u00e9ctricos del Complejo se parar\u00e1n dentro de dos d\u00edas por la falta de combustible, y que los residuos se acumulan en los patios del mismo ya que la ocupaci\u00f3n rechaza permitir su transporte afuera.<\/p>\n<p style=\"text-align: justify;\">Asimismo, la Media Luna Roja Palestina anunci\u00f3 que la ocupaci\u00f3n contin\u00faa asediando el hospital Al-Amal en Khan Yunis, por noveno d\u00eda consecutivo, y ataca sus alrededores.<\/p>\n<p style=\"text-align: justify;\">rr<\/p>\n","protected":false},"excerpt":{"rendered":"<p>Jerusal\u00e9n ocupada, 30 ene (SANA)\u00a0 El n\u00famero total de v\u00edctimas de la guerra genocida que libra la ocupaci\u00f3n israel\u00ed en la Franja de Gaza desde el 7 de octubre pasado hasta la fecha se eleva a 26.751 muertos y 65.636 heridos. \u201cDurante las \u00faltimas 24 horas, la ocupaci\u00f3n cometi\u00f3 13 masacres en la Franja de &hellip;<\/p>\n","protected":false},"author":31,"featured_media":320834,"comment_status":"closed","ping_status":"closed","sticky":false,"template":"","format":"standard","meta":{"footnotes":""},"categories":[597,456,16687,583],"tags":[12002,1494],"class_list":["post-320833","post","type-post","status-publish","format-standard","has-post-thumbnail","","category-cinta-de-noticias","category-arabe-internacional-politica","category-internacionales","category-slide","tag-gaza","tag-palestina"],"_links":{"self":[{"href":"https:\/\/archive.sana.sy\/es\/index.php?rest_route=\/wp\/v2\/posts\/320833"}],"collection":[{"href":"https:\/\/archive.sana.sy\/es\/index.php?rest_route=\/wp\/v2\/posts"}],"about":[{"href":"https:\/\/archive.sana.sy\/es\/index.php?rest_route=\/wp\/v2\/types\/post"}],"author":[{"embeddable":true,"href":"https:\/\/archive.sana.sy\/es\/index.php?rest_route=\/wp\/v2\/users\/31"}],"replies":[{"embeddable":true,"href":"https:\/\/archive.sana.sy\/es\/index.php?rest_route=%2Fwp%2Fv2%2Fcomments&post=320833"}],"version-history":[{"count":1,"href":"https:\/\/archive.sana.sy\/es\/index.php?rest_route=\/wp\/v2\/posts\/320833\/revisions"}],"predecessor-version":[{"id":320835,"href":"https:\/\/archive.sana.sy\/es\/index.php?rest_route=\/wp\/v2\/posts\/320833\/revisions\/320835"}],"wp:featuredmedia":[{"embeddable":true,"href":"https:\/\/archive.sana.sy\/es\/index.php?rest_route=\/wp\/v2\/media\/320834"}],"wp:attachment":[{"href":"https:\/\/archive.sana.sy\/es\/index.php?rest_route=%2Fwp%2Fv2%2Fmedia&parent=320833"}],"wp:term":[{"taxonomy":"category","embeddable":true,"href":"https:\/\/archive.sana.sy\/es\/index.php?rest_route=%2Fwp%2Fv2%2Fcategories&post=320833"},{"taxonomy":"post_tag","embeddable":true,"href":"https:\/\/archive.sana.sy\/es\/index.php?rest_route=%2Fwp%2Fv2%2Ftags&post=320833"}],"curies":[{"name":"wp","href":"https:\/\/api.w.org\/{rel}","templated":true}]}}