{"id":320913,"date":"2024-01-31T15:14:47","date_gmt":"2024-01-31T12:14:47","guid":{"rendered":"https:\/\/sana.sy\/es\/?p=320913"},"modified":"2024-01-31T15:14:47","modified_gmt":"2024-01-31T12:14:47","slug":"en-un-solo-dia-israel-cometio-16-masacres-en-gaza-y-mato-a-150-palestinos","status":"publish","type":"post","link":"https:\/\/archive.sana.sy\/es\/?p=320913","title":{"rendered":"En un solo d\u00eda, Israel cometi\u00f3 16 masacres en Gaza y mat\u00f3 a 150 palestinos"},"content":{"rendered":"<p style=\"text-align: justify;\"><span style=\"color: #800000;\"><strong>Jerusal\u00e9n ocupada, 31 ene (SANA)\u00a0<\/strong><\/span> El Ministerio de Salud palestino anunci\u00f3 hoy que el ej\u00e9rcito de ocupaci\u00f3n israel\u00ed cometi\u00f3 durante las \u00faltimas 24 horas 16 masacres en la Franja de Gaza.<\/p>\n<p style=\"text-align: justify;\">Durante el d\u00eda 117 de la agresi\u00f3n a Gaza, 150 palestinos perdieron la vida para un total de 26.900 mientras 313 fueron lesionados, lo que eleva a 65.949 la cifra de heridos, inform\u00f3 un comunicado del ente de salud.<\/p>\n<p style=\"text-align: justify;\">Aclar\u00f3 que miles de v\u00edctimas todav\u00eda se encuentran bajo los escombros y tirados en las calles y carreteras, ya que los militares israel\u00edes impiden que las ambulancias y los equipos de defensa civil lleguen hasta ellos.<\/p>\n<p style=\"text-align: justify;\">A su vez, medios de prensa palestinos informaron que 5 personas perdieron la vida y otros resultaron heridos durante las \u00faltimas horas en bombardeos a\u00e9reos y con artiller\u00eda del ocupante contra \u00e1reas en Khan Yunis, en el sur de la Franja de Gaza.<\/p>\n<p style=\"text-align: justify;\">La Sociedad de la Media Luna Roja Palestina inform\u00f3 de la muerte de uno de sus empleados en el Hospital Al-Amal en Khan Yunis, cuando las fuerzas sionistas le dispararon mientras se encontraba cerca de la puerta trasera.<\/p>\n<p style=\"text-align: justify;\">fm\/rr<\/p>\n","protected":false},"excerpt":{"rendered":"<p>Jerusal\u00e9n ocupada, 31 ene (SANA)\u00a0 El Ministerio de Salud palestino anunci\u00f3 hoy que el ej\u00e9rcito de ocupaci\u00f3n israel\u00ed cometi\u00f3 durante las \u00faltimas 24 horas 16 masacres en la Franja de Gaza. Durante el d\u00eda 117 de la agresi\u00f3n a Gaza, 150 palestinos perdieron la vida para un total de 26.900 mientras 313 fueron lesionados, lo &hellip;<\/p>\n","protected":false},"author":31,"featured_media":320914,"comment_status":"closed","ping_status":"closed","sticky":false,"template":"","format":"standard","meta":{"footnotes":""},"categories":[597,456,16687,583],"tags":[12002,1494],"class_list":["post-320913","post","type-post","status-publish","format-standard","has-post-thumbnail","","category-cinta-de-noticias","category-arabe-internacional-politica","category-internacionales","category-slide","tag-gaza","tag-palestina"],"_links":{"self":[{"href":"https:\/\/archive.sana.sy\/es\/index.php?rest_route=\/wp\/v2\/posts\/320913"}],"collection":[{"href":"https:\/\/archive.sana.sy\/es\/index.php?rest_route=\/wp\/v2\/posts"}],"about":[{"href":"https:\/\/archive.sana.sy\/es\/index.php?rest_route=\/wp\/v2\/types\/post"}],"author":[{"embeddable":true,"href":"https:\/\/archive.sana.sy\/es\/index.php?rest_route=\/wp\/v2\/users\/31"}],"replies":[{"embeddable":true,"href":"https:\/\/archive.sana.sy\/es\/index.php?rest_route=%2Fwp%2Fv2%2Fcomments&post=320913"}],"version-history":[{"count":1,"href":"https:\/\/archive.sana.sy\/es\/index.php?rest_route=\/wp\/v2\/posts\/320913\/revisions"}],"predecessor-version":[{"id":320915,"href":"https:\/\/archive.sana.sy\/es\/index.php?rest_route=\/wp\/v2\/posts\/320913\/revisions\/320915"}],"wp:featuredmedia":[{"embeddable":true,"href":"https:\/\/archive.sana.sy\/es\/index.php?rest_route=\/wp\/v2\/media\/320914"}],"wp:attachment":[{"href":"https:\/\/archive.sana.sy\/es\/index.php?rest_route=%2Fwp%2Fv2%2Fmedia&parent=320913"}],"wp:term":[{"taxonomy":"category","embeddable":true,"href":"https:\/\/archive.sana.sy\/es\/index.php?rest_route=%2Fwp%2Fv2%2Fcategories&post=320913"},{"taxonomy":"post_tag","embeddable":true,"href":"https:\/\/archive.sana.sy\/es\/index.php?rest_route=%2Fwp%2Fv2%2Ftags&post=320913"}],"curies":[{"name":"wp","href":"https:\/\/api.w.org\/{rel}","templated":true}]}}