{"id":320919,"date":"2024-01-31T16:13:23","date_gmt":"2024-01-31T13:13:23","guid":{"rendered":"https:\/\/sana.sy\/es\/?p=320919"},"modified":"2024-01-31T16:13:23","modified_gmt":"2024-01-31T13:13:23","slug":"los-mas-recientes-desarrollos-relativos-a-la-agresion-israeli-contra-gaza","status":"publish","type":"post","link":"https:\/\/archive.sana.sy\/es\/?p=320919","title":{"rendered":"Los m\u00e1s recientes desarrollos relativos a la agresi\u00f3n israel\u00ed contra Gaza"},"content":{"rendered":"<p style=\"text-align: justify;\"><span style=\"color: #800000;\"><strong>Jerusal\u00e9n ocupada, 31 ene (SANA)<\/strong><\/span>\u00a0 Los acontecimientos m\u00e1s destacados del 117 d\u00eda de la agresi\u00f3n israel\u00ed contra la Franja de Gaza:<\/p>\n<p style=\"text-align: justify;\">&#8211; Ej\u00e9rcito israel\u00ed reconoce la muerte de tres de sus oficiales y soldados durante enfrentamientos con la resistencia palestina en la Franja de Gaza<\/p>\n<p style=\"text-align: justify;\">&#8211; Decenas de muertos y heridos en nueva jornada de agresiones israel\u00edes contra Gaza<\/p>\n<p style=\"text-align: justify;\">&#8211; En un solo d\u00eda, Israel cometi\u00f3 16 masacres en Gaza y mat\u00f3 a 150 palestinos<\/p>\n<p style=\"text-align: justify;\">&#8211; La resistencia palestina ataca una concentraci\u00f3n de soldados y veh\u00edculos israel\u00edes al oeste de Khan Yunis, al sur de la Franja de Gaza.<\/p>\n<p style=\"text-align: justify;\">&#8211; La resistencia palestina detona una carga explosiva en un tanque israel\u00ed en Khan Yunis, al sur de Gaza.<\/p>\n<p style=\"text-align: justify;\">&#8211; Reportan feroces enfrentamientos entre los resistentes palestinos y las fuerzas israel\u00edes al oeste de Khan Yunis, al sur de la Franja de Gaza.<\/p>\n<p style=\"text-align: justify;\">&#8211; Ministro de Asuntos Exteriores noruego: Exportar armas a Israel constituye una implicaci\u00f3n en el exterminio de los palestinos.<\/p>\n<p style=\"text-align: justify;\">&#8211; Ministerio de Asuntos Exteriores palestino rechaza planes israel\u00edes de separar administrativamente la Franja de Gaza y Cisjordania<\/p>\n<p style=\"text-align: justify;\">-Durante las \u00faltimas 24 horas, el ocupante israel\u00ed mat\u00f3 a 150 palestinos y cometi\u00f3 16 masacres en la Franja de Gaza.<\/p>\n<p style=\"text-align: justify;\">-La resistencia palestina destruy\u00f3 con un ob\u00fas un tanque Merkava israel\u00ed al suroeste de la ciudad de Gaza.<\/p>\n<p style=\"text-align: justify;\">-Ministerio de Salud palestino: El n\u00famero de v\u00edctimas durante la actual agresi\u00f3n israel\u00ed contra Gaza aument\u00f3 a 26.900 muertos y 65.949 heridos.<\/p>\n<p style=\"text-align: justify;\">-La Media Luna Roja Palestina pide intervenci\u00f3n para proteger su sede y el hospital Al-Amal.<\/p>\n<p style=\"text-align: justify;\">&#8211; Agencias de la ONU: Detener la financiaci\u00f3n de la UNRWA es desastroso.<\/p>\n","protected":false},"excerpt":{"rendered":"<p>Jerusal\u00e9n ocupada, 31 ene (SANA)\u00a0 Los acontecimientos m\u00e1s destacados del 117 d\u00eda de la agresi\u00f3n israel\u00ed contra la Franja de Gaza: &#8211; Ej\u00e9rcito israel\u00ed reconoce la muerte de tres de sus oficiales y soldados durante enfrentamientos con la resistencia palestina en la Franja de Gaza &#8211; Decenas de muertos y heridos en nueva jornada de &hellip;<\/p>\n","protected":false},"author":31,"featured_media":320920,"comment_status":"closed","ping_status":"closed","sticky":false,"template":"","format":"standard","meta":{"footnotes":""},"categories":[597,456,16687,583],"tags":[12002,1494],"class_list":["post-320919","post","type-post","status-publish","format-standard","has-post-thumbnail","","category-cinta-de-noticias","category-arabe-internacional-politica","category-internacionales","category-slide","tag-gaza","tag-palestina"],"_links":{"self":[{"href":"https:\/\/archive.sana.sy\/es\/index.php?rest_route=\/wp\/v2\/posts\/320919"}],"collection":[{"href":"https:\/\/archive.sana.sy\/es\/index.php?rest_route=\/wp\/v2\/posts"}],"about":[{"href":"https:\/\/archive.sana.sy\/es\/index.php?rest_route=\/wp\/v2\/types\/post"}],"author":[{"embeddable":true,"href":"https:\/\/archive.sana.sy\/es\/index.php?rest_route=\/wp\/v2\/users\/31"}],"replies":[{"embeddable":true,"href":"https:\/\/archive.sana.sy\/es\/index.php?rest_route=%2Fwp%2Fv2%2Fcomments&post=320919"}],"version-history":[{"count":1,"href":"https:\/\/archive.sana.sy\/es\/index.php?rest_route=\/wp\/v2\/posts\/320919\/revisions"}],"predecessor-version":[{"id":320921,"href":"https:\/\/archive.sana.sy\/es\/index.php?rest_route=\/wp\/v2\/posts\/320919\/revisions\/320921"}],"wp:featuredmedia":[{"embeddable":true,"href":"https:\/\/archive.sana.sy\/es\/index.php?rest_route=\/wp\/v2\/media\/320920"}],"wp:attachment":[{"href":"https:\/\/archive.sana.sy\/es\/index.php?rest_route=%2Fwp%2Fv2%2Fmedia&parent=320919"}],"wp:term":[{"taxonomy":"category","embeddable":true,"href":"https:\/\/archive.sana.sy\/es\/index.php?rest_route=%2Fwp%2Fv2%2Fcategories&post=320919"},{"taxonomy":"post_tag","embeddable":true,"href":"https:\/\/archive.sana.sy\/es\/index.php?rest_route=%2Fwp%2Fv2%2Ftags&post=320919"}],"curies":[{"name":"wp","href":"https:\/\/api.w.org\/{rel}","templated":true}]}}