{"id":320938,"date":"2024-01-31T19:29:07","date_gmt":"2024-01-31T16:29:07","guid":{"rendered":"https:\/\/sana.sy\/es\/?p=320938"},"modified":"2024-01-31T19:29:07","modified_gmt":"2024-01-31T16:29:07","slug":"siria-y-oman-destacan-deber-de-la-comunidad-internacional-de-obligar-a-israel-a-detener-su-guerra-genocida-contra-gaza","status":"publish","type":"post","link":"https:\/\/archive.sana.sy\/es\/?p=320938","title":{"rendered":"Siria y Om\u00e1n destacan deber de la comunidad internacional de obligar a \u201cIsrael\u201d a detener su guerra genocida contra Gaza"},"content":{"rendered":"<p style=\"text-align: justify\"><span style=\"color: #800000\"><strong>Damasco, 31 ene (SANA)<\/strong><\/span> El ministro de Relaciones Exteriores y Expatriados, Faisal Al-Mekdad, y su hom\u00f3logo oman\u00ed, Badr bin Hamad Al-Bursaidi, reiteraron la posici\u00f3n unificada de los dos pa\u00edses hacia lo que est\u00e1 ocurriendo en los territorios palestinos ocupados.<\/p>\n<p style=\"text-align: justify\">Durante una conversaci\u00f3n telef\u00f3nica, ambos ministros subrayaron la necesidad de detener la agresi\u00f3n israel\u00ed contra Gaza y la importancia de que la comunidad internacional cumpla con sus responsabilidades de obligar a &#8220;Israel&#8221; a ingresar ayuda humanitaria a la Franja y detener su sangrienta guerra contra el pueblo palestino .<\/p>\n<p style=\"text-align: justify\">Ambos jefes de diplomacia confirmaron la continuaci\u00f3n de la cooperaci\u00f3n binacional en los diversos \u00e1mbitos, as\u00ed como las consultas conjuntas sobre el desarrollo de los acontecimientos en la regi\u00f3n.<\/p>\n<p>la<\/p>\n","protected":false},"excerpt":{"rendered":"<p>Damasco, 31 ene (SANA) El ministro de Relaciones Exteriores y Expatriados, Faisal Al-Mekdad, y su hom\u00f3logo oman\u00ed, Badr bin Hamad Al-Bursaidi, reiteraron la posici\u00f3n unificada de los dos pa\u00edses hacia lo que est\u00e1 ocurriendo en los territorios palestinos ocupados. Durante una conversaci\u00f3n telef\u00f3nica, ambos ministros subrayaron la necesidad de detener la agresi\u00f3n israel\u00ed contra Gaza &hellip;<\/p>\n","protected":false},"author":24,"featured_media":0,"comment_status":"closed","ping_status":"closed","sticky":false,"template":"","format":"standard","meta":{"footnotes":""},"categories":[447,597,20724,467],"tags":[],"class_list":["post-320938","post","type-post","status-publish","format-standard","","category-local-politica","category-cinta-de-noticias","category-minuto-a-minuto","category-siria-y-el-mundo"],"_links":{"self":[{"href":"https:\/\/archive.sana.sy\/es\/index.php?rest_route=\/wp\/v2\/posts\/320938"}],"collection":[{"href":"https:\/\/archive.sana.sy\/es\/index.php?rest_route=\/wp\/v2\/posts"}],"about":[{"href":"https:\/\/archive.sana.sy\/es\/index.php?rest_route=\/wp\/v2\/types\/post"}],"author":[{"embeddable":true,"href":"https:\/\/archive.sana.sy\/es\/index.php?rest_route=\/wp\/v2\/users\/24"}],"replies":[{"embeddable":true,"href":"https:\/\/archive.sana.sy\/es\/index.php?rest_route=%2Fwp%2Fv2%2Fcomments&post=320938"}],"version-history":[{"count":1,"href":"https:\/\/archive.sana.sy\/es\/index.php?rest_route=\/wp\/v2\/posts\/320938\/revisions"}],"predecessor-version":[{"id":320939,"href":"https:\/\/archive.sana.sy\/es\/index.php?rest_route=\/wp\/v2\/posts\/320938\/revisions\/320939"}],"wp:attachment":[{"href":"https:\/\/archive.sana.sy\/es\/index.php?rest_route=%2Fwp%2Fv2%2Fmedia&parent=320938"}],"wp:term":[{"taxonomy":"category","embeddable":true,"href":"https:\/\/archive.sana.sy\/es\/index.php?rest_route=%2Fwp%2Fv2%2Fcategories&post=320938"},{"taxonomy":"post_tag","embeddable":true,"href":"https:\/\/archive.sana.sy\/es\/index.php?rest_route=%2Fwp%2Fv2%2Ftags&post=320938"}],"curies":[{"name":"wp","href":"https:\/\/api.w.org\/{rel}","templated":true}]}}