{"id":320952,"date":"2024-02-01T10:55:53","date_gmt":"2024-02-01T07:55:53","guid":{"rendered":"https:\/\/sana.sy\/es\/?p=320952"},"modified":"2024-02-01T20:39:18","modified_gmt":"2024-02-01T17:39:18","slug":"canciller-sirio-recibe-copias-de-las-cartas-credenciales-del-nuevo-embajador-de-abjasia","status":"publish","type":"post","link":"https:\/\/archive.sana.sy\/es\/?p=320952","title":{"rendered":"Canciller sirio recibe cartas credenciales de nuevos embajadores de Abjasia y Mauritania"},"content":{"rendered":"<p style=\"text-align: justify;\"><span style=\"color: #800000;\"><strong>Damasco, 01 feb (SANA)\u00a0<\/strong><\/span> El ministro de Asuntos Exteriores y Expatriados, Faisal Al-Mekdad, recibi\u00f3 hoy en la capital Damasco, al embajador asignado de la Rep\u00fablica de Abjasia en Siria, Muhammad Ali.<\/p>\n<p style=\"text-align: justify;\">Durante el encuentro, Al-Mekdad recibi\u00f3 una copia de las cartas credenciales de Ali como nuevo embajador extraordinario y plenipotenciario de Abjasia ante el gobierno de Siria.<\/p>\n<p style=\"text-align: justify;\">Siria reconoci\u00f3 en 2018 la independencia de Abjasia y las relaciones entre los dos pa\u00edses se han desarrollado y fortalecido notablemente.<\/p>\n<p>Asimimo, el Canciller recibi\u00f3 una copia de las cartas credenciales de Sidi Ould Doumane, embajador extraordinario y plenipotenciario de la Rep\u00fablica Isl\u00e1mica de Mauritania ante el gobierno de la Rep\u00fablica \u00c1rabe Siria.<\/p>\n<p style=\"text-align: justify;\"><strong>ws\/fm<\/strong><\/p>\n","protected":false},"excerpt":{"rendered":"<p>Damasco, 01 feb (SANA)\u00a0 El ministro de Asuntos Exteriores y Expatriados, Faisal Al-Mekdad, recibi\u00f3 hoy en la capital Damasco, al embajador asignado de la Rep\u00fablica de Abjasia en Siria, Muhammad Ali. Durante el encuentro, Al-Mekdad recibi\u00f3 una copia de las cartas credenciales de Ali como nuevo embajador extraordinario y plenipotenciario de Abjasia ante el gobierno &hellip;<\/p>\n","protected":false},"author":35,"featured_media":320953,"comment_status":"closed","ping_status":"closed","sticky":false,"template":"","format":"standard","meta":{"footnotes":""},"categories":[477,447,597,20724,476,583],"tags":[],"class_list":["post-320952","post","type-post","status-publish","format-standard","has-post-thumbnail","","category-noticias-edulcorantes","category-local-politica","category-cinta-de-noticias","category-minuto-a-minuto","category-locales","category-slide"],"_links":{"self":[{"href":"https:\/\/archive.sana.sy\/es\/index.php?rest_route=\/wp\/v2\/posts\/320952"}],"collection":[{"href":"https:\/\/archive.sana.sy\/es\/index.php?rest_route=\/wp\/v2\/posts"}],"about":[{"href":"https:\/\/archive.sana.sy\/es\/index.php?rest_route=\/wp\/v2\/types\/post"}],"author":[{"embeddable":true,"href":"https:\/\/archive.sana.sy\/es\/index.php?rest_route=\/wp\/v2\/users\/35"}],"replies":[{"embeddable":true,"href":"https:\/\/archive.sana.sy\/es\/index.php?rest_route=%2Fwp%2Fv2%2Fcomments&post=320952"}],"version-history":[{"count":3,"href":"https:\/\/archive.sana.sy\/es\/index.php?rest_route=\/wp\/v2\/posts\/320952\/revisions"}],"predecessor-version":[{"id":321042,"href":"https:\/\/archive.sana.sy\/es\/index.php?rest_route=\/wp\/v2\/posts\/320952\/revisions\/321042"}],"wp:featuredmedia":[{"embeddable":true,"href":"https:\/\/archive.sana.sy\/es\/index.php?rest_route=\/wp\/v2\/media\/320953"}],"wp:attachment":[{"href":"https:\/\/archive.sana.sy\/es\/index.php?rest_route=%2Fwp%2Fv2%2Fmedia&parent=320952"}],"wp:term":[{"taxonomy":"category","embeddable":true,"href":"https:\/\/archive.sana.sy\/es\/index.php?rest_route=%2Fwp%2Fv2%2Fcategories&post=320952"},{"taxonomy":"post_tag","embeddable":true,"href":"https:\/\/archive.sana.sy\/es\/index.php?rest_route=%2Fwp%2Fv2%2Ftags&post=320952"}],"curies":[{"name":"wp","href":"https:\/\/api.w.org\/{rel}","templated":true}]}}