{"id":320966,"date":"2024-02-01T13:01:59","date_gmt":"2024-02-01T10:01:59","guid":{"rendered":"https:\/\/sana.sy\/es\/?p=320966"},"modified":"2024-02-01T15:17:17","modified_gmt":"2024-02-01T12:17:17","slug":"70-empresas-nacionales-participan-en-la-feria-hecho-en-siria","status":"publish","type":"post","link":"https:\/\/archive.sana.sy\/es\/?p=320966","title":{"rendered":"70 empresas nacionales participan en la feria &#8220;Hecho en Siria&#8221;"},"content":{"rendered":"<p style=\"text-align: justify;\"><span style=\"color: #800000;\"><strong>Damasco, 1 feb (SANA)<\/strong><\/span> La 155\u00aa edici\u00f3n de la feria mensual &#8220;Hecho en Siria&#8221; se inaugura hoy en una de las salas de la Ciudad Deportiva &#8220;Al-Jalaa&#8221; en Damasco.<\/p>\n<p style=\"text-align: justify;\">El evento es organizado por las c\u00e1maras de Industria y Comercio de Damasco, en cooperaci\u00f3n con la Empresa Siria de Comercio.<\/p>\n<p style=\"text-align: justify;\">Alrededor de 70 empresas industriales nacionales de los sectores textil, alimentario, mec\u00e1nico y qu\u00edmico participan en la Feria, y exhiben sus diversos productos con grandes descuentos y atractivas ofertas que incluyen todas las necesidades de alimentaci\u00f3n y consumo de la familia.<\/p>\n<p style=\"text-align: justify;\">El vicepresidente de la C\u00e1mara de Industria de Damasco y responsable del sector alimentario de la c\u00e1mara, Talal Qalaji, consider\u00f3 que el evento se ha convertido en una cita en la que las familias sirias aseguran sus necesidades a precios asequibles.<\/p>\n<p style=\"text-align: justify;\">fm\/ed<\/p>\n<div id='gallery-1' class='gallery galleryid-320966 gallery-columns-1 gallery-size-full'><figure class='gallery-item'>\n\t\t\t<div class='gallery-icon landscape'>\n\t\t\t\t<a href='https:\/\/archive.sana.sy\/es\/wp-content\/uploads\/2024\/02\/photo_2024-02-01_12-49-49.jpg'><img loading=\"lazy\" decoding=\"async\" width=\"660\" height=\"440\" src=\"https:\/\/archive.sana.sy\/es\/wp-content\/uploads\/2024\/02\/photo_2024-02-01_12-49-49.jpg\" class=\"attachment-full size-full\" alt=\"\" srcset=\"https:\/\/archive.sana.sy\/es\/wp-content\/uploads\/2024\/02\/photo_2024-02-01_12-49-49.jpg 660w, https:\/\/archive.sana.sy\/es\/wp-content\/uploads\/2024\/02\/photo_2024-02-01_12-49-49-300x200.jpg 300w, https:\/\/archive.sana.sy\/es\/wp-content\/uploads\/2024\/02\/photo_2024-02-01_12-49-49-150x100.jpg 150w\" sizes=\"(max-width: 660px) 100vw, 660px\" \/><\/a>\n\t\t\t<\/div><\/figure><figure class='gallery-item'>\n\t\t\t<div class='gallery-icon landscape'>\n\t\t\t\t<a href='https:\/\/archive.sana.sy\/es\/wp-content\/uploads\/2024\/02\/photo_2024-02-01_12-49-48-1.jpg'><img loading=\"lazy\" decoding=\"async\" width=\"1280\" height=\"853\" src=\"https:\/\/archive.sana.sy\/es\/wp-content\/uploads\/2024\/02\/photo_2024-02-01_12-49-48-1.jpg\" class=\"attachment-full size-full\" alt=\"\" srcset=\"https:\/\/archive.sana.sy\/es\/wp-content\/uploads\/2024\/02\/photo_2024-02-01_12-49-48-1.jpg 1280w, https:\/\/archive.sana.sy\/es\/wp-content\/uploads\/2024\/02\/photo_2024-02-01_12-49-48-1-300x200.jpg 300w, https:\/\/archive.sana.sy\/es\/wp-content\/uploads\/2024\/02\/photo_2024-02-01_12-49-48-1-1024x682.jpg 1024w, https:\/\/archive.sana.sy\/es\/wp-content\/uploads\/2024\/02\/photo_2024-02-01_12-49-48-1-150x100.jpg 150w, https:\/\/archive.sana.sy\/es\/wp-content\/uploads\/2024\/02\/photo_2024-02-01_12-49-48-1-768x512.jpg 768w\" sizes=\"(max-width: 1280px) 100vw, 1280px\" \/><\/a>\n\t\t\t<\/div><\/figure><figure class='gallery-item'>\n\t\t\t<div class='gallery-icon landscape'>\n\t\t\t\t<a href='https:\/\/archive.sana.sy\/es\/wp-content\/uploads\/2024\/02\/photo_2024-02-01_12-50-12.jpg'><img loading=\"lazy\" decoding=\"async\" width=\"1280\" height=\"834\" src=\"https:\/\/archive.sana.sy\/es\/wp-content\/uploads\/2024\/02\/photo_2024-02-01_12-50-12.jpg\" class=\"attachment-full size-full\" alt=\"\" srcset=\"https:\/\/archive.sana.sy\/es\/wp-content\/uploads\/2024\/02\/photo_2024-02-01_12-50-12.jpg 1280w, https:\/\/archive.sana.sy\/es\/wp-content\/uploads\/2024\/02\/photo_2024-02-01_12-50-12-300x195.jpg 300w, https:\/\/archive.sana.sy\/es\/wp-content\/uploads\/2024\/02\/photo_2024-02-01_12-50-12-1024x667.jpg 1024w, https:\/\/archive.sana.sy\/es\/wp-content\/uploads\/2024\/02\/photo_2024-02-01_12-50-12-150x98.jpg 150w, https:\/\/archive.sana.sy\/es\/wp-content\/uploads\/2024\/02\/photo_2024-02-01_12-50-12-768x500.jpg 768w\" sizes=\"(max-width: 1280px) 100vw, 1280px\" \/><\/a>\n\t\t\t<\/div><\/figure>\n\t\t<\/div>\n\n","protected":false},"excerpt":{"rendered":"<p>Damasco, 1 feb (SANA) La 155\u00aa edici\u00f3n de la feria mensual &#8220;Hecho en Siria&#8221; se inaugura hoy en una de las salas de la Ciudad Deportiva &#8220;Al-Jalaa&#8221; en Damasco. El evento es organizado por las c\u00e1maras de Industria y Comercio de Damasco, en cooperaci\u00f3n con la Empresa Siria de Comercio. Alrededor de 70 empresas industriales &hellip;<\/p>\n","protected":false},"author":32,"featured_media":320978,"comment_status":"closed","ping_status":"closed","sticky":false,"template":"","format":"standard","meta":{"footnotes":""},"categories":[447,620,597,16686,483,485,20724,476,7541],"tags":[],"class_list":["post-320966","post","type-post","status-publish","format-standard","has-post-thumbnail","","category-local-politica","category-boletin-economico","category-cinta-de-noticias","category-economia","category-negocios-y-finanzas","category-informes-negocios-y-finanzas","category-minuto-a-minuto","category-locales","category-ultimas-noticias"],"_links":{"self":[{"href":"https:\/\/archive.sana.sy\/es\/index.php?rest_route=\/wp\/v2\/posts\/320966"}],"collection":[{"href":"https:\/\/archive.sana.sy\/es\/index.php?rest_route=\/wp\/v2\/posts"}],"about":[{"href":"https:\/\/archive.sana.sy\/es\/index.php?rest_route=\/wp\/v2\/types\/post"}],"author":[{"embeddable":true,"href":"https:\/\/archive.sana.sy\/es\/index.php?rest_route=\/wp\/v2\/users\/32"}],"replies":[{"embeddable":true,"href":"https:\/\/archive.sana.sy\/es\/index.php?rest_route=%2Fwp%2Fv2%2Fcomments&post=320966"}],"version-history":[{"count":1,"href":"https:\/\/archive.sana.sy\/es\/index.php?rest_route=\/wp\/v2\/posts\/320966\/revisions"}],"predecessor-version":[{"id":320971,"href":"https:\/\/archive.sana.sy\/es\/index.php?rest_route=\/wp\/v2\/posts\/320966\/revisions\/320971"}],"wp:featuredmedia":[{"embeddable":true,"href":"https:\/\/archive.sana.sy\/es\/index.php?rest_route=\/wp\/v2\/media\/320978"}],"wp:attachment":[{"href":"https:\/\/archive.sana.sy\/es\/index.php?rest_route=%2Fwp%2Fv2%2Fmedia&parent=320966"}],"wp:term":[{"taxonomy":"category","embeddable":true,"href":"https:\/\/archive.sana.sy\/es\/index.php?rest_route=%2Fwp%2Fv2%2Fcategories&post=320966"},{"taxonomy":"post_tag","embeddable":true,"href":"https:\/\/archive.sana.sy\/es\/index.php?rest_route=%2Fwp%2Fv2%2Ftags&post=320966"}],"curies":[{"name":"wp","href":"https:\/\/api.w.org\/{rel}","templated":true}]}}