{"id":320972,"date":"2024-02-01T13:46:26","date_gmt":"2024-02-01T10:46:26","guid":{"rendered":"https:\/\/sana.sy\/es\/?p=320972"},"modified":"2024-02-01T13:46:26","modified_gmt":"2024-02-01T10:46:26","slug":"mueren-decenas-de-palestinos-en-el-dia-118-de-la-agresion-israeli-contra-gaza","status":"publish","type":"post","link":"https:\/\/archive.sana.sy\/es\/?p=320972","title":{"rendered":"Mueren decenas de palestinos en el d\u00eda 118 de la agresi\u00f3n israel\u00ed contra Gaza"},"content":{"rendered":"<p style=\"text-align: justify;\"><span style=\"color: #800000;\"><strong>Jerusal\u00e9n ocupada, 01 feb (SANA)\u00a0<\/strong> <\/span>Decenas de palestinos perdieron la vida y otros resultaron heridos en el d\u00eda 118 de la actual agresi\u00f3n israel\u00ed contra la Franja de Gaza.<\/p>\n<p style=\"text-align: justify;\">&#8220;Durante las \u00faltimas horas, las tropas sionistas bombardearon con artiller\u00eda la zona occidental de la ciudad de Gaza, en particular los barrios de Al-Rimal y Tal Al-Hawa, dejando decenas de muertos palestinos y heridos\u201d, informaron medios de prensa palestinos.<\/p>\n<p style=\"text-align: justify;\">Las ambulancias no pudieron acceder a los m\u00e1rtires y los heridos para trasladarlos al hospital debido a los intensos bombardeos.<\/p>\n<p style=\"text-align: justify;\">Al mismo tiempo, varios palestinos fueron asesinados y decenas resultaron heridos en un bombardeo a\u00e9reo contra dos casas en el barrio de Al-Zaytoun al oeste de la ciudad de Gaza.<\/p>\n<p style=\"text-align: justify;\">Asimismo, dos palestinos perdieron la vida y otros fueron lesionados en un bombardeo de los aviones israel\u00edes contra una casa al oeste de Nuseirat, en el centro de la Franja de Gaza.<\/p>\n<p style=\"text-align: justify;\">La cifra de v\u00edctimas de la agresi\u00f3n sionista en curso en la Franja de Gaza ha aumentado a 26.900 muertos y 66.000 heridos, adem\u00e1s de miles de desaparecidos.<\/p>\n<p style=\"text-align: justify;\">ed\/fm<\/p>\n","protected":false},"excerpt":{"rendered":"<p>Jerusal\u00e9n ocupada, 01 feb (SANA)\u00a0 Decenas de palestinos perdieron la vida y otros resultaron heridos en el d\u00eda 118 de la actual agresi\u00f3n israel\u00ed contra la Franja de Gaza. &#8220;Durante las \u00faltimas horas, las tropas sionistas bombardearon con artiller\u00eda la zona occidental de la ciudad de Gaza, en particular los barrios de Al-Rimal y Tal &hellip;<\/p>\n","protected":false},"author":32,"featured_media":320973,"comment_status":"closed","ping_status":"closed","sticky":false,"template":"","format":"standard","meta":{"footnotes":""},"categories":[597,456,20724,7541],"tags":[],"class_list":["post-320972","post","type-post","status-publish","format-standard","has-post-thumbnail","","category-cinta-de-noticias","category-arabe-internacional-politica","category-minuto-a-minuto","category-ultimas-noticias"],"_links":{"self":[{"href":"https:\/\/archive.sana.sy\/es\/index.php?rest_route=\/wp\/v2\/posts\/320972"}],"collection":[{"href":"https:\/\/archive.sana.sy\/es\/index.php?rest_route=\/wp\/v2\/posts"}],"about":[{"href":"https:\/\/archive.sana.sy\/es\/index.php?rest_route=\/wp\/v2\/types\/post"}],"author":[{"embeddable":true,"href":"https:\/\/archive.sana.sy\/es\/index.php?rest_route=\/wp\/v2\/users\/32"}],"replies":[{"embeddable":true,"href":"https:\/\/archive.sana.sy\/es\/index.php?rest_route=%2Fwp%2Fv2%2Fcomments&post=320972"}],"version-history":[{"count":1,"href":"https:\/\/archive.sana.sy\/es\/index.php?rest_route=\/wp\/v2\/posts\/320972\/revisions"}],"predecessor-version":[{"id":320974,"href":"https:\/\/archive.sana.sy\/es\/index.php?rest_route=\/wp\/v2\/posts\/320972\/revisions\/320974"}],"wp:featuredmedia":[{"embeddable":true,"href":"https:\/\/archive.sana.sy\/es\/index.php?rest_route=\/wp\/v2\/media\/320973"}],"wp:attachment":[{"href":"https:\/\/archive.sana.sy\/es\/index.php?rest_route=%2Fwp%2Fv2%2Fmedia&parent=320972"}],"wp:term":[{"taxonomy":"category","embeddable":true,"href":"https:\/\/archive.sana.sy\/es\/index.php?rest_route=%2Fwp%2Fv2%2Fcategories&post=320972"},{"taxonomy":"post_tag","embeddable":true,"href":"https:\/\/archive.sana.sy\/es\/index.php?rest_route=%2Fwp%2Fv2%2Ftags&post=320972"}],"curies":[{"name":"wp","href":"https:\/\/api.w.org\/{rel}","templated":true}]}}