{"id":320975,"date":"2024-02-01T15:05:56","date_gmt":"2024-02-01T12:05:56","guid":{"rendered":"https:\/\/sana.sy\/es\/?p=320975"},"modified":"2024-02-01T15:28:12","modified_gmt":"2024-02-01T12:28:12","slug":"aumenta-a-mas-de-93-000-la-cifra-de-muertos-y-heridos-palestinos-por-agresion-israeli-contra-gaza","status":"publish","type":"post","link":"https:\/\/archive.sana.sy\/es\/?p=320975","title":{"rendered":"Aumenta a m\u00e1s de 93.000 la cifra de muertos y heridos palestinos por agresi\u00f3n israel\u00ed contra Gaza"},"content":{"rendered":"<p style=\"text-align: justify;\"><span style=\"color: #800000;\"><strong>Jerusal\u00e9n ocupada, 1 feb (SANA)<\/strong> <\/span>El Ministerio de Salud palestino dio a conocer hoy que \u201cIsrael\u201d cometi\u00f3 durante las \u00faltimas 24 horas al menos 15 masacres, dejando 118 palestinos muertos mientras otros 190 resultaron lesionados.<\/p>\n<p style=\"text-align: justify;\">\u201cLa cifra de v\u00edctimas palestinas desde el inicio de la agresi\u00f3n israel\u00ed contra Gaza el 7 de octubre pasado, aument\u00f3 a 27.019 muertos y 66.139 lesionados\u201d, afirm\u00f3 el ente de Salud.<\/p>\n<p style=\"text-align: justify;\">Agreg\u00f3 que cientos de cad\u00e1veres se encuentran en las calles y bajo los escombros, ya que el ej\u00e9rcito sionista dispara contra cualquiera que intente evacuarlos.<\/p>\n<p style=\"text-align: justify;\">Por otro lado, el Ministerio aclar\u00f3 que m\u00e1s de 30.000 civiles desplazados dentro de las escuelas cercanas al Hospital Nasser, no tienen acceso al agua, los alimentos, las f\u00f3rmulas infantiles y los medicamentos.<\/p>\n<p style=\"text-align: justify;\">fm\/ed<\/p>\n","protected":false},"excerpt":{"rendered":"<p>Jerusal\u00e9n ocupada, 1 feb (SANA) El Ministerio de Salud palestino dio a conocer hoy que \u201cIsrael\u201d cometi\u00f3 durante las \u00faltimas 24 horas al menos 15 masacres, dejando 118 palestinos muertos mientras otros 190 resultaron lesionados. \u201cLa cifra de v\u00edctimas palestinas desde el inicio de la agresi\u00f3n israel\u00ed contra Gaza el 7 de octubre pasado, aument\u00f3 &hellip;<\/p>\n","protected":false},"author":32,"featured_media":320982,"comment_status":"closed","ping_status":"closed","sticky":false,"template":"","format":"standard","meta":{"footnotes":""},"categories":[597,456,20724,583],"tags":[],"class_list":["post-320975","post","type-post","status-publish","format-standard","has-post-thumbnail","","category-cinta-de-noticias","category-arabe-internacional-politica","category-minuto-a-minuto","category-slide"],"_links":{"self":[{"href":"https:\/\/archive.sana.sy\/es\/index.php?rest_route=\/wp\/v2\/posts\/320975"}],"collection":[{"href":"https:\/\/archive.sana.sy\/es\/index.php?rest_route=\/wp\/v2\/posts"}],"about":[{"href":"https:\/\/archive.sana.sy\/es\/index.php?rest_route=\/wp\/v2\/types\/post"}],"author":[{"embeddable":true,"href":"https:\/\/archive.sana.sy\/es\/index.php?rest_route=\/wp\/v2\/users\/32"}],"replies":[{"embeddable":true,"href":"https:\/\/archive.sana.sy\/es\/index.php?rest_route=%2Fwp%2Fv2%2Fcomments&post=320975"}],"version-history":[{"count":1,"href":"https:\/\/archive.sana.sy\/es\/index.php?rest_route=\/wp\/v2\/posts\/320975\/revisions"}],"predecessor-version":[{"id":320977,"href":"https:\/\/archive.sana.sy\/es\/index.php?rest_route=\/wp\/v2\/posts\/320975\/revisions\/320977"}],"wp:featuredmedia":[{"embeddable":true,"href":"https:\/\/archive.sana.sy\/es\/index.php?rest_route=\/wp\/v2\/media\/320982"}],"wp:attachment":[{"href":"https:\/\/archive.sana.sy\/es\/index.php?rest_route=%2Fwp%2Fv2%2Fmedia&parent=320975"}],"wp:term":[{"taxonomy":"category","embeddable":true,"href":"https:\/\/archive.sana.sy\/es\/index.php?rest_route=%2Fwp%2Fv2%2Fcategories&post=320975"},{"taxonomy":"post_tag","embeddable":true,"href":"https:\/\/archive.sana.sy\/es\/index.php?rest_route=%2Fwp%2Fv2%2Ftags&post=320975"}],"curies":[{"name":"wp","href":"https:\/\/api.w.org\/{rel}","templated":true}]}}