{"id":321020,"date":"2024-02-01T17:14:57","date_gmt":"2024-02-01T14:14:57","guid":{"rendered":"https:\/\/sana.sy\/es\/?p=321020"},"modified":"2024-02-01T17:14:57","modified_gmt":"2024-02-01T14:14:57","slug":"guterres-la-onu-esta-comprometida-con-el-apoyo-a-los-proyectos-de-recuperacion-temprana-en-siria","status":"publish","type":"post","link":"https:\/\/archive.sana.sy\/es\/?p=321020","title":{"rendered":"Guterres: La ONU est\u00e1 comprometida con el apoyo a los proyectos de recuperaci\u00f3n temprana en Siria"},"content":{"rendered":"<p style=\"text-align: justify;\"><span style=\"color: #800000;\"><strong>Nueva York, 01 feb (SANA)<\/strong><\/span> El secretario general de las Naciones Unidas, Ant\u00f3nio Guterres, reiter\u00f3 hoy su firme compromiso de seguir trabajando para satisfacer las necesidades humanitarias del pueblo sirio e implementar proyectos de recuperaci\u00f3n temprana.<\/p>\n<p style=\"text-align: justify;\">Esta postura fue expresada durante la ceremonia de entrega de las cartas credenciales del nuevo representante permanente de Siria ante las Naciones Unidas, el embajador Qusay Al-Dahhak, en la sede del organismo internacional en Nueva York.<\/p>\n<p style=\"text-align: justify;\">Guterres dese\u00f3 seguridad y estabilidad para Siria y bienestar para su pueblo, y destac\u00f3 la historia y el patrimonio cultural de esta naci\u00f3n \u00e1rabe, que acogi\u00f3 a muchos refugiados durante d\u00e9cadas.<\/p>\n<p style=\"text-align: justify;\">Por su parte, Al-Dahhak manifest\u00f3 el apoyo de Siria a los esfuerzos del Secretario General por promover, implementar y defender los principios y prop\u00f3sitos de la Carta de Naciones Unidas.<\/p>\n<p style=\"text-align: justify;\">Destac\u00f3 que Siria, como miembro fundador de las Naciones Unidas, est\u00e1 interesada en mantener las relaciones de cooperaci\u00f3n constructiva con la organizaci\u00f3n internacional y desea fortalecerlas y ampliar sus perspectivas de una manera que apoye los esfuerzos del Estado sirio en el \u00e1mbito humanitario y de fomento, mejore los proyectos de recuperaci\u00f3n temprana y proporcione servicios b\u00e1sicos al pueblo sirio.<\/p>\n<p style=\"text-align: justify;\">fm\/sm<\/p>\n","protected":false},"excerpt":{"rendered":"<p>Nueva York, 01 feb (SANA) El secretario general de las Naciones Unidas, Ant\u00f3nio Guterres, reiter\u00f3 hoy su firme compromiso de seguir trabajando para satisfacer las necesidades humanitarias del pueblo sirio e implementar proyectos de recuperaci\u00f3n temprana. Esta postura fue expresada durante la ceremonia de entrega de las cartas credenciales del nuevo representante permanente de Siria &hellip;<\/p>\n","protected":false},"author":39,"featured_media":321021,"comment_status":"closed","ping_status":"closed","sticky":false,"template":"","format":"standard","meta":{"footnotes":""},"categories":[597,20724,467,583],"tags":[],"class_list":["post-321020","post","type-post","status-publish","format-standard","has-post-thumbnail","","category-cinta-de-noticias","category-minuto-a-minuto","category-siria-y-el-mundo","category-slide"],"_links":{"self":[{"href":"https:\/\/archive.sana.sy\/es\/index.php?rest_route=\/wp\/v2\/posts\/321020"}],"collection":[{"href":"https:\/\/archive.sana.sy\/es\/index.php?rest_route=\/wp\/v2\/posts"}],"about":[{"href":"https:\/\/archive.sana.sy\/es\/index.php?rest_route=\/wp\/v2\/types\/post"}],"author":[{"embeddable":true,"href":"https:\/\/archive.sana.sy\/es\/index.php?rest_route=\/wp\/v2\/users\/39"}],"replies":[{"embeddable":true,"href":"https:\/\/archive.sana.sy\/es\/index.php?rest_route=%2Fwp%2Fv2%2Fcomments&post=321020"}],"version-history":[{"count":1,"href":"https:\/\/archive.sana.sy\/es\/index.php?rest_route=\/wp\/v2\/posts\/321020\/revisions"}],"predecessor-version":[{"id":321022,"href":"https:\/\/archive.sana.sy\/es\/index.php?rest_route=\/wp\/v2\/posts\/321020\/revisions\/321022"}],"wp:featuredmedia":[{"embeddable":true,"href":"https:\/\/archive.sana.sy\/es\/index.php?rest_route=\/wp\/v2\/media\/321021"}],"wp:attachment":[{"href":"https:\/\/archive.sana.sy\/es\/index.php?rest_route=%2Fwp%2Fv2%2Fmedia&parent=321020"}],"wp:term":[{"taxonomy":"category","embeddable":true,"href":"https:\/\/archive.sana.sy\/es\/index.php?rest_route=%2Fwp%2Fv2%2Fcategories&post=321020"},{"taxonomy":"post_tag","embeddable":true,"href":"https:\/\/archive.sana.sy\/es\/index.php?rest_route=%2Fwp%2Fv2%2Ftags&post=321020"}],"curies":[{"name":"wp","href":"https:\/\/api.w.org\/{rel}","templated":true}]}}