{"id":32104,"date":"2015-10-22T22:40:44","date_gmt":"2015-10-22T19:40:44","guid":{"rendered":"http:\/\/sana.sy\/es\/?p=32104"},"modified":"2015-10-22T22:42:17","modified_gmt":"2015-10-22T19:42:17","slug":"putin-una-victoria-militar-sobre-los-terroristas-allanara-el-camino-para-el-lanzamiento-de-un-proceso-politico-en-siria","status":"publish","type":"post","link":"https:\/\/archive.sana.sy\/es\/?p=32104","title":{"rendered":"Putin: Una victoria militar sobre los terroristas allanar\u00e1 el camino para el lanzamiento de un proceso pol\u00edtico en Siria"},"content":{"rendered":"<p>Sochi \u2013SANA<\/p>\n<p>El presidente ruso Vladimir Putin recalc\u00f3 que el objetivo de la operaci\u00f3n antiterrorista rusa es contribuir a la paz en Siria, adem\u00e1s de efectuar ataques preventivos contra los terroristas extranjeros antes de que regresen a sus hogares.<\/p>\n<p>En su palabra ante la 12\u00aa reuni\u00f3n del Club Internacional Vald\u00e1i, que se celebra en Sochi, Putin dijo que las operaciones militares de Rusia en Siria tendr\u00e1n un impacto positivo en la situaci\u00f3n de este pa\u00eds \u00e1rabe y allanar\u00e1n el camino para una soluci\u00f3n pol\u00edtica all\u00ed.<\/p>\n<p>Asimismo subray\u00f3 que solo los sirios decidir\u00e1n su destino y el de su pa\u00eds con el apoyo de la comunidad internacional lejos de las amenazas y los dict\u00e1menes.<\/p>\n<p>\u00a8Derrocar el estado sirio significa una mayor actividad de los terroristas, por tanto es necesario proporcionar ayuda a las instituciones gubernamentales\u00a8, destac\u00f3.<\/p>\n<p>\u00a8la organizaci\u00f3n terrorista del EIIL controla vastas tierras y si hubiesen hecho con el control de Damasco o de Bagdad, esta organizaci\u00f3n hubiese convertido en un verdadero estado que amenazar\u00eda al mundo\u00a8, agreg\u00f3.<\/p>\n<p>Hizo hincapi\u00e9 en que no se puede calificar a los terroristas de \u00a8buenos y malos\u00a8, y se\u00f1al\u00f3 que todos los terroristas, ya sea del DAESH o del frente Al-Nusra tienen la misma pr\u00e1ctica representada por el terrorismo y el asesinato.<\/p>\n<p>\u00a8Durante los \u00faltimos a\u00f1os, ha crecido el n\u00famero de terroristas y las armas enviadas a la denominada \u00a8Oposici\u00f3n Moderada\u00a8, han terminado en manos de los terroristas, y muchas facciones de esta oposici\u00f3n, adem\u00e1s, se han incorporado a las filas de los terroristas\u00a8, resalt\u00f3.<\/p>\n<p>&#8220;No hay que jugar con las palabras: dividir a los terroristas en &#8216;moderados&#8217; y &#8216;no moderados&#8217;. Me gustar\u00eda entender cu\u00e1l es la diferencia. Tal vez, seg\u00fan algunos expertos, es que los bandidos moderados, como se dice, en cantidad moderada o algo de manera suave decapitan a las personas&#8221;, ironiz\u00f3.<\/p>\n<p>El mandatario ruso refut\u00f3 el doble rasero practicado por los EEUU, diciendo que \u00a8La coalici\u00f3n liderada por los EEUU, ha anunciado la guerra contra el terrorismo, y a la vez usan a una parte de los terroristas para redibujar a la regi\u00f3n de Oriente Medio\u00a8.<\/p>\n<p>Yamil K.<\/p>\n","protected":false},"excerpt":{"rendered":"<p>Sochi \u2013SANA El presidente ruso Vladimir Putin recalc\u00f3 que el objetivo de la operaci\u00f3n antiterrorista rusa es contribuir a la paz en Siria, adem\u00e1s de efectuar ataques preventivos contra los terroristas extranjeros antes de que regresen a sus hogares. En su palabra ante la 12\u00aa reuni\u00f3n del Club Internacional Vald\u00e1i, que se celebra en Sochi, &hellip;<\/p>\n","protected":false},"author":1,"featured_media":32105,"comment_status":"closed","ping_status":"closed","sticky":false,"template":"","format":"standard","meta":{"footnotes":""},"categories":[456,457,576],"tags":[],"class_list":["post-32104","post","type-post","status-publish","format-standard","has-post-thumbnail","","category-arabe-internacional-politica","category-noticias-arabe-internacional-politica","category-noticias-politicas"],"_links":{"self":[{"href":"https:\/\/archive.sana.sy\/es\/index.php?rest_route=\/wp\/v2\/posts\/32104"}],"collection":[{"href":"https:\/\/archive.sana.sy\/es\/index.php?rest_route=\/wp\/v2\/posts"}],"about":[{"href":"https:\/\/archive.sana.sy\/es\/index.php?rest_route=\/wp\/v2\/types\/post"}],"author":[{"embeddable":true,"href":"https:\/\/archive.sana.sy\/es\/index.php?rest_route=\/wp\/v2\/users\/1"}],"replies":[{"embeddable":true,"href":"https:\/\/archive.sana.sy\/es\/index.php?rest_route=%2Fwp%2Fv2%2Fcomments&post=32104"}],"version-history":[{"count":0,"href":"https:\/\/archive.sana.sy\/es\/index.php?rest_route=\/wp\/v2\/posts\/32104\/revisions"}],"wp:featuredmedia":[{"embeddable":true,"href":"https:\/\/archive.sana.sy\/es\/index.php?rest_route=\/wp\/v2\/media\/32105"}],"wp:attachment":[{"href":"https:\/\/archive.sana.sy\/es\/index.php?rest_route=%2Fwp%2Fv2%2Fmedia&parent=32104"}],"wp:term":[{"taxonomy":"category","embeddable":true,"href":"https:\/\/archive.sana.sy\/es\/index.php?rest_route=%2Fwp%2Fv2%2Fcategories&post=32104"},{"taxonomy":"post_tag","embeddable":true,"href":"https:\/\/archive.sana.sy\/es\/index.php?rest_route=%2Fwp%2Fv2%2Ftags&post=32104"}],"curies":[{"name":"wp","href":"https:\/\/api.w.org\/{rel}","templated":true}]}}