{"id":321086,"date":"2024-02-02T16:49:28","date_gmt":"2024-02-02T13:49:28","guid":{"rendered":"https:\/\/sana.sy\/es\/?p=321086"},"modified":"2024-02-02T16:51:20","modified_gmt":"2024-02-02T13:51:20","slug":"unicef-mas-de-17-000-ninos-en-gaza-viven-ahora-sin-sus-familias","status":"publish","type":"post","link":"https:\/\/archive.sana.sy\/es\/?p=321086","title":{"rendered":"UNICEF: M\u00e1s de 17.000 ni\u00f1os en Gaza viven ahora sin sus familias"},"content":{"rendered":"<p style=\"text-align: justify;\"><span style=\"color: #800000;\"><strong>Ginebra, 02 feb (SANA) <\/strong><\/span>El Fondo de las Naciones Unidas para la Infancia (UNICEF) anunci\u00f3 que m\u00e1s de 17.000 ni\u00f1os en la Franja de Gaza quedaron sin padres o separados de sus familias durante la agresi\u00f3n israel\u00ed, e indic\u00f3 que la mayor\u00eda de estos ni\u00f1os necesitan apoyo en el \u00e1mbito de la salud mental.<\/p>\n<p style=\"text-align: justify;\">Jonathan Crakes, director de Comunicaciones de la Oficina de la mencionada entidad en los territorios palestinos ocupados, explic\u00f3 que los ni\u00f1os \u201cmuestran s\u00edntomas como niveles extremadamente altos de ansiedad constante y p\u00e9rdida de apetito, no pueden dormir y entran en p\u00e1nico cada vez que escuchan el sonido de los bombardeos.\u201d<\/p>\n<p style=\"text-align: justify;\">Se\u00f1al\u00f3 que antes de esta guerra, el referido Organismo consideraba que 500.000 ni\u00f1os necesitaban apoyo de salud mental, psicol\u00f3gico y social en Gaza, pero hoy las estimaciones indican que casi todos los ni\u00f1os necesitan este apoyo, es decir, m\u00e1s de un mill\u00f3n de ni\u00f1os.<\/p>\n<p style=\"text-align: justify;\">El Ministerio de Salud palestino anunci\u00f3 que el n\u00famero de v\u00edctimas de la actual agresi\u00f3n israel\u00ed en la Franja de Gaza, durante 119 d\u00edas consecutivos, aument\u00f3 a 27.131 m\u00e1rtires y 66.287 heridos, la mayor\u00eda de los cuales son ni\u00f1os y mujeres.<\/p>\n<p style=\"text-align: justify;\">sm<\/p>\n","protected":false},"excerpt":{"rendered":"<p>Ginebra, 02 feb (SANA) El Fondo de las Naciones Unidas para la Infancia (UNICEF) anunci\u00f3 que m\u00e1s de 17.000 ni\u00f1os en la Franja de Gaza quedaron sin padres o separados de sus familias durante la agresi\u00f3n israel\u00ed, e indic\u00f3 que la mayor\u00eda de estos ni\u00f1os necesitan apoyo en el \u00e1mbito de la salud mental. Jonathan &hellip;<\/p>\n","protected":false},"author":39,"featured_media":321087,"comment_status":"closed","ping_status":"closed","sticky":false,"template":"","format":"standard","meta":{"footnotes":""},"categories":[597,456,16687,20724,7541],"tags":[],"class_list":["post-321086","post","type-post","status-publish","format-standard","has-post-thumbnail","","category-cinta-de-noticias","category-arabe-internacional-politica","category-internacionales","category-minuto-a-minuto","category-ultimas-noticias"],"_links":{"self":[{"href":"https:\/\/archive.sana.sy\/es\/index.php?rest_route=\/wp\/v2\/posts\/321086"}],"collection":[{"href":"https:\/\/archive.sana.sy\/es\/index.php?rest_route=\/wp\/v2\/posts"}],"about":[{"href":"https:\/\/archive.sana.sy\/es\/index.php?rest_route=\/wp\/v2\/types\/post"}],"author":[{"embeddable":true,"href":"https:\/\/archive.sana.sy\/es\/index.php?rest_route=\/wp\/v2\/users\/39"}],"replies":[{"embeddable":true,"href":"https:\/\/archive.sana.sy\/es\/index.php?rest_route=%2Fwp%2Fv2%2Fcomments&post=321086"}],"version-history":[{"count":2,"href":"https:\/\/archive.sana.sy\/es\/index.php?rest_route=\/wp\/v2\/posts\/321086\/revisions"}],"predecessor-version":[{"id":321089,"href":"https:\/\/archive.sana.sy\/es\/index.php?rest_route=\/wp\/v2\/posts\/321086\/revisions\/321089"}],"wp:featuredmedia":[{"embeddable":true,"href":"https:\/\/archive.sana.sy\/es\/index.php?rest_route=\/wp\/v2\/media\/321087"}],"wp:attachment":[{"href":"https:\/\/archive.sana.sy\/es\/index.php?rest_route=%2Fwp%2Fv2%2Fmedia&parent=321086"}],"wp:term":[{"taxonomy":"category","embeddable":true,"href":"https:\/\/archive.sana.sy\/es\/index.php?rest_route=%2Fwp%2Fv2%2Fcategories&post=321086"},{"taxonomy":"post_tag","embeddable":true,"href":"https:\/\/archive.sana.sy\/es\/index.php?rest_route=%2Fwp%2Fv2%2Ftags&post=321086"}],"curies":[{"name":"wp","href":"https:\/\/api.w.org\/{rel}","templated":true}]}}