{"id":321090,"date":"2024-02-02T17:58:36","date_gmt":"2024-02-02T14:58:36","guid":{"rendered":"https:\/\/sana.sy\/es\/?p=321090"},"modified":"2024-02-02T17:58:36","modified_gmt":"2024-02-02T14:58:36","slug":"el-ejercito-israeli-reanuda-sus-agresiones-contra-localidades-del-sur-del-libano","status":"publish","type":"post","link":"https:\/\/archive.sana.sy\/es\/?p=321090","title":{"rendered":"El ej\u00e9rcito israel\u00ed reanuda sus agresiones contra localidades del sur del L\u00edbano"},"content":{"rendered":"<p style=\"text-align: justify;\"><span style=\"color: #800000;\"><strong>Beirut, 02 feb (SANA)\u00a0<\/strong><\/span> El ej\u00e9rcito israel\u00ed reanud\u00f3 sus ataques contra varias aldeas y ciudades en la frontera libanesa con la Palestina ocupada.<\/p>\n<p style=\"text-align: justify;\">La Agencia Nacional Libanesa de Noticias inform\u00f3 que el ocupante israel\u00ed bombarde\u00f3 con artiller\u00eda las afueras de las localidades de Tayr Harfa, Wadi Hassan y Majdalzon, as\u00ed como las cercan\u00edas de la colina Hamams en Sarda, mientras que una granada de humo cay\u00f3 entre las casas en la ciudad de Khiam.<\/p>\n<p style=\"text-align: justify;\">Asimismo, aviones de combate israel\u00edes tambi\u00e9n lanzaron incursiones contra las afueras de las ciudades de Marwahin, Zibqin y Jabal Balat en el sector occidental.<\/p>\n<p style=\"text-align: justify;\">Adem\u00e1s, aviones de reconocimiento del enemigo israel\u00ed sobrvolaron durante toda la noche y hasta esta ma\u00f1ana las aldeas de los sectores occidental y central, llegando al r\u00edo Litani, en medio de disparos de bengalas sobre las aldeas fronterizas.<\/p>\n<p style=\"text-align: justify;\">sm<\/p>\n","protected":false},"excerpt":{"rendered":"<p>Beirut, 02 feb (SANA)\u00a0 El ej\u00e9rcito israel\u00ed reanud\u00f3 sus ataques contra varias aldeas y ciudades en la frontera libanesa con la Palestina ocupada. La Agencia Nacional Libanesa de Noticias inform\u00f3 que el ocupante israel\u00ed bombarde\u00f3 con artiller\u00eda las afueras de las localidades de Tayr Harfa, Wadi Hassan y Majdalzon, as\u00ed como las cercan\u00edas de la &hellip;<\/p>\n","protected":false},"author":39,"featured_media":321091,"comment_status":"closed","ping_status":"closed","sticky":false,"template":"","format":"standard","meta":{"footnotes":""},"categories":[597,456,16687,20724,7541],"tags":[],"class_list":["post-321090","post","type-post","status-publish","format-standard","has-post-thumbnail","","category-cinta-de-noticias","category-arabe-internacional-politica","category-internacionales","category-minuto-a-minuto","category-ultimas-noticias"],"_links":{"self":[{"href":"https:\/\/archive.sana.sy\/es\/index.php?rest_route=\/wp\/v2\/posts\/321090"}],"collection":[{"href":"https:\/\/archive.sana.sy\/es\/index.php?rest_route=\/wp\/v2\/posts"}],"about":[{"href":"https:\/\/archive.sana.sy\/es\/index.php?rest_route=\/wp\/v2\/types\/post"}],"author":[{"embeddable":true,"href":"https:\/\/archive.sana.sy\/es\/index.php?rest_route=\/wp\/v2\/users\/39"}],"replies":[{"embeddable":true,"href":"https:\/\/archive.sana.sy\/es\/index.php?rest_route=%2Fwp%2Fv2%2Fcomments&post=321090"}],"version-history":[{"count":1,"href":"https:\/\/archive.sana.sy\/es\/index.php?rest_route=\/wp\/v2\/posts\/321090\/revisions"}],"predecessor-version":[{"id":321092,"href":"https:\/\/archive.sana.sy\/es\/index.php?rest_route=\/wp\/v2\/posts\/321090\/revisions\/321092"}],"wp:featuredmedia":[{"embeddable":true,"href":"https:\/\/archive.sana.sy\/es\/index.php?rest_route=\/wp\/v2\/media\/321091"}],"wp:attachment":[{"href":"https:\/\/archive.sana.sy\/es\/index.php?rest_route=%2Fwp%2Fv2%2Fmedia&parent=321090"}],"wp:term":[{"taxonomy":"category","embeddable":true,"href":"https:\/\/archive.sana.sy\/es\/index.php?rest_route=%2Fwp%2Fv2%2Fcategories&post=321090"},{"taxonomy":"post_tag","embeddable":true,"href":"https:\/\/archive.sana.sy\/es\/index.php?rest_route=%2Fwp%2Fv2%2Ftags&post=321090"}],"curies":[{"name":"wp","href":"https:\/\/api.w.org\/{rel}","templated":true}]}}