{"id":321093,"date":"2024-02-02T18:02:01","date_gmt":"2024-02-02T15:02:01","guid":{"rendered":"https:\/\/sana.sy\/es\/?p=321093"},"modified":"2024-02-02T18:02:01","modified_gmt":"2024-02-02T15:02:01","slug":"ayham-owusu-el-primer-futbolista-sirio-que-juega-en-la-liga-espanola","status":"publish","type":"post","link":"https:\/\/archive.sana.sy\/es\/?p=321093","title":{"rendered":"Ayham Owusu, el primer futbolista sirio que juega en la Liga espa\u00f1ola"},"content":{"rendered":"<p style=\"text-align: justify;\"><strong><span style=\"color: #800000;\">Madrid, 2 feb (SANA)\u00a0<\/span><\/strong> El defensa de la selecci\u00f3n nacional siria de f\u00fatbol, Ayham Owusu, se incorpor\u00f3 al C\u00e1diz espa\u00f1ol donde jugar\u00e1 hasta el final de la actual temporada 2023-2024.<\/p>\n<p style=\"text-align: justify;\"><img loading=\"lazy\" decoding=\"async\" class=\"size-medium wp-image-321094 alignright\" src=\"http:\/\/sana.sy\/es\/wp-content\/uploads\/2024\/02\/Ayham-Owusu-el-primer-futbolista-sirio-que-juega-en-la-Liga-espanola0-225x300.jpeg\" alt=\"\" width=\"225\" height=\"300\" srcset=\"https:\/\/archive.sana.sy\/es\/wp-content\/uploads\/2024\/02\/Ayham-Owusu-el-primer-futbolista-sirio-que-juega-en-la-Liga-espanola0-225x300.jpeg 225w, https:\/\/archive.sana.sy\/es\/wp-content\/uploads\/2024\/02\/Ayham-Owusu-el-primer-futbolista-sirio-que-juega-en-la-Liga-espanola0-113x150.jpeg 113w, https:\/\/archive.sana.sy\/es\/wp-content\/uploads\/2024\/02\/Ayham-Owusu-el-primer-futbolista-sirio-que-juega-en-la-Liga-espanola0.jpeg 510w\" sizes=\"(max-width: 225px) 100vw, 225px\" \/><\/p>\n<p style=\"text-align: justify;\">El Club C\u00e1diz dio la bienvenida a su nuevo jugador de 24 a\u00f1os de edad, en la plataforma X: &#8220;el Club C\u00e1diz y el Slavia Praga han llegado a un acuerdo sobre la cesi\u00f3n de Ayham Oso hasta el final de la temporada&#8221;.<\/p>\n<p style=\"text-align: justify;\">Owusu se convierte as\u00ed en el primer futbolista sirio en jugar en la Liga Espa\u00f1ola de F\u00fatbol.<\/p>\n<p style=\"text-align: justify;\">Owusu naci\u00f3 en Suecia en 2000. Jug\u00f3 en la selecci\u00f3n siria en la Copa Asi\u00e1tica que se disputa actualmente en Qatar, donde jug\u00f3 como titular en los cuatro partidos del equipo.<\/p>\n<p style=\"text-align: justify;\">Owusu hab\u00eda jugado anteriormente en varios clubes suecos, entre ellos el Hacken, al que se incorpor\u00f3 en 2018 y continu\u00f3 en sus filas hasta 2021, donde tambi\u00e9n jug\u00f3 cedido en los equipos suecos Eskilstuna y Gais, antes de fichar por el Slavia Praga. Fue cedido nuevamente a Hacken en agosto de 2023 antes de regresar a finales del a\u00f1o pasado.<\/p>\n<p style=\"text-align: justify;\">El Slavia Praga decidi\u00f3 volver a ceder al jugador para que tenga m\u00e1s oportunidades de jugar, y esta vez la elecci\u00f3n recay\u00f3 en el Club C\u00e1diz.<\/p>\n<p style=\"text-align: justify;\">El C\u00e1diz ocupa actualmente el puesto decimoctavo en la Liga espa\u00f1ola.<\/p>\n<p style=\"text-align: justify;\">fm\/sm<\/p>\n","protected":false},"excerpt":{"rendered":"<p>Madrid, 2 feb (SANA)\u00a0 El defensa de la selecci\u00f3n nacional siria de f\u00fatbol, Ayham Owusu, se incorpor\u00f3 al C\u00e1diz espa\u00f1ol donde jugar\u00e1 hasta el final de la actual temporada 2023-2024. El Club C\u00e1diz dio la bienvenida a su nuevo jugador de 24 a\u00f1os de edad, en la plataforma X: &#8220;el Club C\u00e1diz y el Slavia &hellip;<\/p>\n","protected":false},"author":39,"featured_media":321095,"comment_status":"closed","ping_status":"closed","sticky":false,"template":"","format":"standard","meta":{"footnotes":""},"categories":[597,494,20724,467,7541],"tags":[],"class_list":["post-321093","post","type-post","status-publish","format-standard","has-post-thumbnail","","category-cinta-de-noticias","category-deportes","category-minuto-a-minuto","category-siria-y-el-mundo","category-ultimas-noticias"],"_links":{"self":[{"href":"https:\/\/archive.sana.sy\/es\/index.php?rest_route=\/wp\/v2\/posts\/321093"}],"collection":[{"href":"https:\/\/archive.sana.sy\/es\/index.php?rest_route=\/wp\/v2\/posts"}],"about":[{"href":"https:\/\/archive.sana.sy\/es\/index.php?rest_route=\/wp\/v2\/types\/post"}],"author":[{"embeddable":true,"href":"https:\/\/archive.sana.sy\/es\/index.php?rest_route=\/wp\/v2\/users\/39"}],"replies":[{"embeddable":true,"href":"https:\/\/archive.sana.sy\/es\/index.php?rest_route=%2Fwp%2Fv2%2Fcomments&post=321093"}],"version-history":[{"count":1,"href":"https:\/\/archive.sana.sy\/es\/index.php?rest_route=\/wp\/v2\/posts\/321093\/revisions"}],"predecessor-version":[{"id":321096,"href":"https:\/\/archive.sana.sy\/es\/index.php?rest_route=\/wp\/v2\/posts\/321093\/revisions\/321096"}],"wp:featuredmedia":[{"embeddable":true,"href":"https:\/\/archive.sana.sy\/es\/index.php?rest_route=\/wp\/v2\/media\/321095"}],"wp:attachment":[{"href":"https:\/\/archive.sana.sy\/es\/index.php?rest_route=%2Fwp%2Fv2%2Fmedia&parent=321093"}],"wp:term":[{"taxonomy":"category","embeddable":true,"href":"https:\/\/archive.sana.sy\/es\/index.php?rest_route=%2Fwp%2Fv2%2Fcategories&post=321093"},{"taxonomy":"post_tag","embeddable":true,"href":"https:\/\/archive.sana.sy\/es\/index.php?rest_route=%2Fwp%2Fv2%2Ftags&post=321093"}],"curies":[{"name":"wp","href":"https:\/\/api.w.org\/{rel}","templated":true}]}}