{"id":321107,"date":"2024-02-02T20:56:56","date_gmt":"2024-02-02T17:56:56","guid":{"rendered":"https:\/\/sana.sy\/es\/?p=321107"},"modified":"2024-02-02T20:57:56","modified_gmt":"2024-02-02T17:57:56","slug":"cuba-reitera-su-exigencia-de-poner-fin-al-genocidio-israeli-contra-los-palestinos-en-gaza","status":"publish","type":"post","link":"https:\/\/archive.sana.sy\/es\/?p=321107","title":{"rendered":"Cuba reitera su exigencia de poner fin al genocidio israel\u00ed contra los palestinos en Gaza"},"content":{"rendered":"<p style=\"text-align: justify;\"><span style=\"color: #800000;\"><strong>La Habana, 02 feb (SANA)\u00a0 <\/strong><\/span>Cuba reiter\u00f3 su exigencia de poner fin a la agresi\u00f3n israel\u00ed contra la Franja de Gaza y cesar los cr\u00edmenes de genocidio contra el pueblo palestino.<\/p>\n<p style=\"text-align: justify;\">\u201cIsrael debe detener el genocidio que est\u00e1 cometiendo en Palestina\u201d, escribi\u00f3 el ministro de Exteriores cubano, Bruno Rodr\u00edguez, en su cuenta en la plataforma \u201cX\u201d.<\/p>\n<p style=\"text-align: justify;\">Asimismo, el jefe de la diplomacia cubana denunci\u00f3 la incapacidad de la comunidad internacional para detener los cr\u00edmenes israel\u00edes contra los palestinos.<\/p>\n<p style=\"text-align: justify;\">Adem\u00e1s, el Canciller de la Isla se\u00f1al\u00f3 que la mayor\u00eda de las v\u00edctimas de la agresi\u00f3n israel\u00ed a la Franja de Gaza son ni\u00f1os y mujeres, e indic\u00f3 que las medidas tomadas por la Corte Internacional de Justicia no detuvieron los cr\u00edmenes israel\u00edes cometidos contra el pueblo palestino ni contribuyeron a la entrega inmediata de ayuda humanitaria.<\/p>\n<p style=\"text-align: justify;\">El Ministerio de Asuntos Exteriores cubano hab\u00eda instado al Consejo de Seguridad de la ONU que cumpliera con sus obligaciones y pusiera fin a la impunidad de \u201cIsrael\u201d por sus cr\u00edmenes, y critic\u00f3 la colusi\u00f3n constante de EEUU con \u201cIsrael\u201d al obstaculizar repetidamente los trabajos del Consejo, lo que socava la paz, la seguridad y la estabilidad en la regi\u00f3n de Oriente Medio.\u200b<\/p>\n<p style=\"text-align: justify;\">sm<\/p>\n","protected":false},"excerpt":{"rendered":"<p>La Habana, 02 feb (SANA)\u00a0 Cuba reiter\u00f3 su exigencia de poner fin a la agresi\u00f3n israel\u00ed contra la Franja de Gaza y cesar los cr\u00edmenes de genocidio contra el pueblo palestino. \u201cIsrael debe detener el genocidio que est\u00e1 cometiendo en Palestina\u201d, escribi\u00f3 el ministro de Exteriores cubano, Bruno Rodr\u00edguez, en su cuenta en la plataforma &hellip;<\/p>\n","protected":false},"author":39,"featured_media":321108,"comment_status":"closed","ping_status":"closed","sticky":false,"template":"","format":"standard","meta":{"footnotes":""},"categories":[597,456,16687,20724,7541],"tags":[],"class_list":["post-321107","post","type-post","status-publish","format-standard","has-post-thumbnail","","category-cinta-de-noticias","category-arabe-internacional-politica","category-internacionales","category-minuto-a-minuto","category-ultimas-noticias"],"_links":{"self":[{"href":"https:\/\/archive.sana.sy\/es\/index.php?rest_route=\/wp\/v2\/posts\/321107"}],"collection":[{"href":"https:\/\/archive.sana.sy\/es\/index.php?rest_route=\/wp\/v2\/posts"}],"about":[{"href":"https:\/\/archive.sana.sy\/es\/index.php?rest_route=\/wp\/v2\/types\/post"}],"author":[{"embeddable":true,"href":"https:\/\/archive.sana.sy\/es\/index.php?rest_route=\/wp\/v2\/users\/39"}],"replies":[{"embeddable":true,"href":"https:\/\/archive.sana.sy\/es\/index.php?rest_route=%2Fwp%2Fv2%2Fcomments&post=321107"}],"version-history":[{"count":3,"href":"https:\/\/archive.sana.sy\/es\/index.php?rest_route=\/wp\/v2\/posts\/321107\/revisions"}],"predecessor-version":[{"id":321111,"href":"https:\/\/archive.sana.sy\/es\/index.php?rest_route=\/wp\/v2\/posts\/321107\/revisions\/321111"}],"wp:featuredmedia":[{"embeddable":true,"href":"https:\/\/archive.sana.sy\/es\/index.php?rest_route=\/wp\/v2\/media\/321108"}],"wp:attachment":[{"href":"https:\/\/archive.sana.sy\/es\/index.php?rest_route=%2Fwp%2Fv2%2Fmedia&parent=321107"}],"wp:term":[{"taxonomy":"category","embeddable":true,"href":"https:\/\/archive.sana.sy\/es\/index.php?rest_route=%2Fwp%2Fv2%2Fcategories&post=321107"},{"taxonomy":"post_tag","embeddable":true,"href":"https:\/\/archive.sana.sy\/es\/index.php?rest_route=%2Fwp%2Fv2%2Ftags&post=321107"}],"curies":[{"name":"wp","href":"https:\/\/api.w.org\/{rel}","templated":true}]}}