{"id":321150,"date":"2024-02-03T13:36:39","date_gmt":"2024-02-03T10:36:39","guid":{"rendered":"https:\/\/sana.sy\/es\/?p=321150"},"modified":"2024-02-03T13:36:39","modified_gmt":"2024-02-03T10:36:39","slug":"nuevo-ataque-de-la-resistencia-iraqui-a-base-estadounidense-en-erbil","status":"publish","type":"post","link":"https:\/\/archive.sana.sy\/es\/?p=321150","title":{"rendered":"Nuevo ataque de la resistencia iraqu\u00ed a base estadounidense en Erbil"},"content":{"rendered":"<p style=\"text-align: justify;\"><strong><span style=\"color: #800000;\">Bagdad, 03 feb (SANA)<\/span>\u00a0 <\/strong>La Resistencia iraqu\u00ed atac\u00f3 esta ma\u00f1ana con drones a las fuerzas estadounidenses en la base de Harir en la gobernaci\u00f3n de Erbil, al norte de Irak.<\/p>\n<p style=\"text-align: justify;\">\u00a0\u201cEn continuaci\u00f3n de nuestro enfoque de resistencia a las tropas del ocupante estadounidense en Irak y la regi\u00f3n, y en respuesta a las masacres israel\u00edes contra Gaza, hoy atacamos con drones la base de EEUU Harir, ubicada en la gobernaci\u00f3n de Erbil, en el norte de Irak\u201d, anunci\u00f3 la Resistencia mediante un comunicado.<\/p>\n<p style=\"text-align: justify;\">Adem\u00e1s, la Resistencia confirm\u00f3 en su declaraci\u00f3n que continuar\u00eda destruyendo los bastiones enemigos en Irak y la regi\u00f3n.<\/p>\n<p style=\"text-align: justify;\">sm<\/p>\n","protected":false},"excerpt":{"rendered":"<p>Bagdad, 03 feb (SANA)\u00a0 La Resistencia iraqu\u00ed atac\u00f3 esta ma\u00f1ana con drones a las fuerzas estadounidenses en la base de Harir en la gobernaci\u00f3n de Erbil, al norte de Irak. \u00a0\u201cEn continuaci\u00f3n de nuestro enfoque de resistencia a las tropas del ocupante estadounidense en Irak y la regi\u00f3n, y en respuesta a las masacres israel\u00edes &hellip;<\/p>\n","protected":false},"author":39,"featured_media":321151,"comment_status":"closed","ping_status":"closed","sticky":false,"template":"","format":"standard","meta":{"footnotes":""},"categories":[597,456,16687,20724,7541],"tags":[],"class_list":["post-321150","post","type-post","status-publish","format-standard","has-post-thumbnail","","category-cinta-de-noticias","category-arabe-internacional-politica","category-internacionales","category-minuto-a-minuto","category-ultimas-noticias"],"_links":{"self":[{"href":"https:\/\/archive.sana.sy\/es\/index.php?rest_route=\/wp\/v2\/posts\/321150"}],"collection":[{"href":"https:\/\/archive.sana.sy\/es\/index.php?rest_route=\/wp\/v2\/posts"}],"about":[{"href":"https:\/\/archive.sana.sy\/es\/index.php?rest_route=\/wp\/v2\/types\/post"}],"author":[{"embeddable":true,"href":"https:\/\/archive.sana.sy\/es\/index.php?rest_route=\/wp\/v2\/users\/39"}],"replies":[{"embeddable":true,"href":"https:\/\/archive.sana.sy\/es\/index.php?rest_route=%2Fwp%2Fv2%2Fcomments&post=321150"}],"version-history":[{"count":1,"href":"https:\/\/archive.sana.sy\/es\/index.php?rest_route=\/wp\/v2\/posts\/321150\/revisions"}],"predecessor-version":[{"id":321152,"href":"https:\/\/archive.sana.sy\/es\/index.php?rest_route=\/wp\/v2\/posts\/321150\/revisions\/321152"}],"wp:featuredmedia":[{"embeddable":true,"href":"https:\/\/archive.sana.sy\/es\/index.php?rest_route=\/wp\/v2\/media\/321151"}],"wp:attachment":[{"href":"https:\/\/archive.sana.sy\/es\/index.php?rest_route=%2Fwp%2Fv2%2Fmedia&parent=321150"}],"wp:term":[{"taxonomy":"category","embeddable":true,"href":"https:\/\/archive.sana.sy\/es\/index.php?rest_route=%2Fwp%2Fv2%2Fcategories&post=321150"},{"taxonomy":"post_tag","embeddable":true,"href":"https:\/\/archive.sana.sy\/es\/index.php?rest_route=%2Fwp%2Fv2%2Ftags&post=321150"}],"curies":[{"name":"wp","href":"https:\/\/api.w.org\/{rel}","templated":true}]}}