{"id":32119,"date":"2015-10-23T15:43:55","date_gmt":"2015-10-23T12:43:55","guid":{"rendered":"http:\/\/sana.sy\/es\/?p=32119"},"modified":"2015-10-23T15:56:02","modified_gmt":"2015-10-23T12:56:02","slug":"peskov-el-terrorismo-es-un-mal-que-hay-que-combatir-y-erradicar","status":"publish","type":"post","link":"https:\/\/archive.sana.sy\/es\/?p=32119","title":{"rendered":"Peskov: el terrorismo es un mal que hay que combatir y erradicar"},"content":{"rendered":"<p style=\"text-align: justify\"><span style=\"color: #800000\">Mosc\u00fa, SANA<\/span>&#8211; Rusia est\u00e1 interesada en establecer contactos con todas las fuerzas sirias que no apoyan el terrorismo, declar\u00f3 este viernes el portavoz del Kremlin, Dmitri Peskov.<\/p>\n<p style=\"text-align: justify\">&#8220;Con todas las fuerzas que no sean terroristas naturalmente estamos dispuestos a llevar negociaciones para combatir el terrorismo y el extremismo en aras de un arreglo en Siria&#8221;, dijo Peskov.<\/p>\n<p style=\"text-align: justify\">Adem\u00e1s, Peskov se\u00f1al\u00f3 que Rusia abordar\u00e1 la lucha anti-terrorista en Siria con pa\u00edses de Oriente pr\u00f3ximo, EEUU y el presidente sirio, Bashar Al-Asad.<\/p>\n<p style=\"text-align: justify\">&#8220;Estas decisiones no se toman en solitario, son fruto de la opini\u00f3n colectiva&#8221;, dijo.<br \/>\nReiter\u00f3 que Rusia contin\u00faa invitando al di\u00e1logo a las fuerzas occidentales.<\/p>\n<p style=\"text-align: justify\">&#8220;Continuamos invitando al di\u00e1logo y la cooperaci\u00f3n a fuerzas regionales, EEUU y otros pa\u00edses que participan en la operaci\u00f3n antiterrorista (contra el EI)&#8221;, manifest\u00f3.<\/p>\n<p style=\"text-align: justify\">Al mismo tiempo, Peskov indic\u00f3 que hasta ahora ni EEUU ni Europa han ayudado a detectar en Siria a esta oposici\u00f3n moderada con la que se puede colaborar en la lucha anti-terrorista.<\/p>\n<p style=\"text-align: justify\">&#8220;Desgraciadamente, hasta ahora ni los estadounidenses ni los europeos han podido ayudarnos con esta identificaci\u00f3n&#8221;, dijo Peskov.<\/p>\n<p style=\"text-align: justify\">Agreg\u00f3 a la vez que hay que partir de que &#8220;los terroristas no pueden ser moderados o no moderados&#8221;.<\/p>\n<p style=\"text-align: justify\">&#8220;El terrorismo es un mal que hay que combatir y erradicar&#8221;, declar\u00f3 el portazov.<\/p>\n<p>M.Miri<\/p>\n","protected":false},"excerpt":{"rendered":"<p>Mosc\u00fa, SANA&#8211; Rusia est\u00e1 interesada en establecer contactos con todas las fuerzas sirias que no apoyan el terrorismo, declar\u00f3 este viernes el portavoz del Kremlin, Dmitri Peskov. &#8220;Con todas las fuerzas que no sean terroristas naturalmente estamos dispuestos a llevar negociaciones para combatir el terrorismo y el extremismo en aras de un arreglo en Siria&#8221;, &hellip;<\/p>\n","protected":false},"author":1,"featured_media":32125,"comment_status":"closed","ping_status":"closed","sticky":false,"template":"","format":"standard","meta":{"footnotes":""},"categories":[456,457,576],"tags":[7149],"class_list":["post-32119","post","type-post","status-publish","format-standard","has-post-thumbnail","","category-arabe-internacional-politica","category-noticias-arabe-internacional-politica","category-noticias-politicas","tag-peskov-el-terrorismo-es-un-mal-que-hay-que-combatir-y-erradicar"],"_links":{"self":[{"href":"https:\/\/archive.sana.sy\/es\/index.php?rest_route=\/wp\/v2\/posts\/32119"}],"collection":[{"href":"https:\/\/archive.sana.sy\/es\/index.php?rest_route=\/wp\/v2\/posts"}],"about":[{"href":"https:\/\/archive.sana.sy\/es\/index.php?rest_route=\/wp\/v2\/types\/post"}],"author":[{"embeddable":true,"href":"https:\/\/archive.sana.sy\/es\/index.php?rest_route=\/wp\/v2\/users\/1"}],"replies":[{"embeddable":true,"href":"https:\/\/archive.sana.sy\/es\/index.php?rest_route=%2Fwp%2Fv2%2Fcomments&post=32119"}],"version-history":[{"count":0,"href":"https:\/\/archive.sana.sy\/es\/index.php?rest_route=\/wp\/v2\/posts\/32119\/revisions"}],"wp:featuredmedia":[{"embeddable":true,"href":"https:\/\/archive.sana.sy\/es\/index.php?rest_route=\/wp\/v2\/media\/32125"}],"wp:attachment":[{"href":"https:\/\/archive.sana.sy\/es\/index.php?rest_route=%2Fwp%2Fv2%2Fmedia&parent=32119"}],"wp:term":[{"taxonomy":"category","embeddable":true,"href":"https:\/\/archive.sana.sy\/es\/index.php?rest_route=%2Fwp%2Fv2%2Fcategories&post=32119"},{"taxonomy":"post_tag","embeddable":true,"href":"https:\/\/archive.sana.sy\/es\/index.php?rest_route=%2Fwp%2Fv2%2Ftags&post=32119"}],"curies":[{"name":"wp","href":"https:\/\/api.w.org\/{rel}","templated":true}]}}