{"id":321195,"date":"2024-02-04T06:05:54","date_gmt":"2024-02-04T03:05:54","guid":{"rendered":"https:\/\/sana.sy\/es\/?p=321195"},"modified":"2024-02-04T06:05:54","modified_gmt":"2024-02-04T03:05:54","slug":"canciller-cubano-condena-agresion-estadounidense-contra-siria-e-iraq","status":"publish","type":"post","link":"https:\/\/archive.sana.sy\/es\/?p=321195","title":{"rendered":"Canciller cubano condena agresi\u00f3n estadounidense contra Siria e Iraq"},"content":{"rendered":"<p style=\"text-align: justify;\"><span style=\"color: #800000;\"><strong>La Habana, 4 feb (SANA)<\/strong> <\/span>Cuba conden\u00f3 la agresi\u00f3n cometida por Estados Unidos contra zonas en Siria e Iraq, y la tach\u00f3 de una flagrante violaci\u00f3n de la soberan\u00eda de los Estados y del derecho internacional.<\/p>\n<p style=\"text-align: justify;\">Esta irreponsable acci\u00f3n, al tiempo que viola el Derecho Internacional, aumenta la escalada de violencia y alienta la posibilidad de un conflicto regional, escribi\u00f3 el canciller cubano, Bruno Rodr\u00edguez, en su cuenta en X.<\/p>\n<p style=\"text-align: justify;\">Las fuerzas de Washington lanzaron al amanecer de este s\u00e1bado una flagrante agresi\u00f3n a\u00e9rea contra varios puntos y localidades en la regi\u00f3n oriental de Siria y cerca de las fronteras siria-iraqu\u00ed, lo que provoc\u00f3 la muerte de varios civiles y soldados, y heridas a otros, as\u00ed como da\u00f1os importantes a la propiedad p\u00fablica y privada.<\/p>\n<p style=\"text-align: justify;\">fm<\/p>\n","protected":false},"excerpt":{"rendered":"<p>La Habana, 4 feb (SANA) Cuba conden\u00f3 la agresi\u00f3n cometida por Estados Unidos contra zonas en Siria e Iraq, y la tach\u00f3 de una flagrante violaci\u00f3n de la soberan\u00eda de los Estados y del derecho internacional. Esta irreponsable acci\u00f3n, al tiempo que viola el Derecho Internacional, aumenta la escalada de violencia y alienta la posibilidad &hellip;<\/p>\n","protected":false},"author":34,"featured_media":321196,"comment_status":"closed","ping_status":"closed","sticky":false,"template":"","format":"standard","meta":{"footnotes":""},"categories":[597,20724,467,7541],"tags":[],"class_list":["post-321195","post","type-post","status-publish","format-standard","has-post-thumbnail","","category-cinta-de-noticias","category-minuto-a-minuto","category-siria-y-el-mundo","category-ultimas-noticias"],"_links":{"self":[{"href":"https:\/\/archive.sana.sy\/es\/index.php?rest_route=\/wp\/v2\/posts\/321195"}],"collection":[{"href":"https:\/\/archive.sana.sy\/es\/index.php?rest_route=\/wp\/v2\/posts"}],"about":[{"href":"https:\/\/archive.sana.sy\/es\/index.php?rest_route=\/wp\/v2\/types\/post"}],"author":[{"embeddable":true,"href":"https:\/\/archive.sana.sy\/es\/index.php?rest_route=\/wp\/v2\/users\/34"}],"replies":[{"embeddable":true,"href":"https:\/\/archive.sana.sy\/es\/index.php?rest_route=%2Fwp%2Fv2%2Fcomments&post=321195"}],"version-history":[{"count":1,"href":"https:\/\/archive.sana.sy\/es\/index.php?rest_route=\/wp\/v2\/posts\/321195\/revisions"}],"predecessor-version":[{"id":321197,"href":"https:\/\/archive.sana.sy\/es\/index.php?rest_route=\/wp\/v2\/posts\/321195\/revisions\/321197"}],"wp:featuredmedia":[{"embeddable":true,"href":"https:\/\/archive.sana.sy\/es\/index.php?rest_route=\/wp\/v2\/media\/321196"}],"wp:attachment":[{"href":"https:\/\/archive.sana.sy\/es\/index.php?rest_route=%2Fwp%2Fv2%2Fmedia&parent=321195"}],"wp:term":[{"taxonomy":"category","embeddable":true,"href":"https:\/\/archive.sana.sy\/es\/index.php?rest_route=%2Fwp%2Fv2%2Fcategories&post=321195"},{"taxonomy":"post_tag","embeddable":true,"href":"https:\/\/archive.sana.sy\/es\/index.php?rest_route=%2Fwp%2Fv2%2Ftags&post=321195"}],"curies":[{"name":"wp","href":"https:\/\/api.w.org\/{rel}","templated":true}]}}