{"id":321219,"date":"2024-02-04T11:27:12","date_gmt":"2024-02-04T08:27:12","guid":{"rendered":"https:\/\/sana.sy\/es\/?p=321219"},"modified":"2024-02-04T11:27:49","modified_gmt":"2024-02-04T08:27:49","slug":"zajarova-la-agresion-estadounidense-contra-siria-e-iraq-viola-su-soberania","status":"publish","type":"post","link":"https:\/\/archive.sana.sy\/es\/?p=321219","title":{"rendered":"Zaj\u00e1rova: la agresi\u00f3n estadounidense contra Siria e Iraq viola su soberan\u00eda"},"content":{"rendered":"<p style=\"text-align: justify;\"><span style=\"color: #800000;\"><strong>Mosc\u00fa, 4 feb (SANA)<\/strong><\/span> El Ministerio de Asuntos Exteriores ruso conden\u00f3 en\u00e9rgicamente la reciente agresi\u00f3n de Estados Unidos contra varios sitios en Siria e Iraq, y subray\u00f3 que constituye una flagrante violaci\u00f3n de la soberan\u00eda de estos dos pa\u00edses.<\/p>\n<p style=\"text-align: justify;\">La agencia de noticias TASS cit\u00f3 a la portavoz de la Canciller\u00eda, Mar\u00eda Zaj\u00e1rova, diciendo en un comunicado que &#8220;est\u00e1 claro que los ataques a\u00e9reos estadounidenses contra Siria e Iraq tienen el objetivo deliberado de aumentar a\u00fan m\u00e1s las tensiones en la regi\u00f3n de Oriente Medio&#8221;.<\/p>\n<p style=\"text-align: justify;\">&#8220;Nosotros en Rusia condenamos en\u00e9rgicamente la nueva y flagrante agresi\u00f3n de Estados Unidos contra pa\u00edses soberanos y exigimos que se celebre una reuni\u00f3n inmediata del Consejo de Seguridad de la ONU para discutir la situaci\u00f3n que surge como resultado de la agresi\u00f3n&#8221;, afirm\u00f3 la vocera.<\/p>\n<p style=\"text-align: justify;\">Las fuerzas de Washington lanzaron al amanecer de este s\u00e1bado una flagrante agresi\u00f3n a\u00e9rea contra varios puntos y localidades en la regi\u00f3n oriental de Siria y cerca de la frontera siria-iraqu\u00ed, lo que provoc\u00f3 la muerte de varios civiles y soldados, y heridas a otros, as\u00ed como da\u00f1os importantes a la propiedad p\u00fablica y privada.<\/p>\n<p style=\"text-align: justify;\">fm\/ws<\/p>\n","protected":false},"excerpt":{"rendered":"<p>Mosc\u00fa, 4 feb (SANA) El Ministerio de Asuntos Exteriores ruso conden\u00f3 en\u00e9rgicamente la reciente agresi\u00f3n de Estados Unidos contra varios sitios en Siria e Iraq, y subray\u00f3 que constituye una flagrante violaci\u00f3n de la soberan\u00eda de estos dos pa\u00edses. La agencia de noticias TASS cit\u00f3 a la portavoz de la Canciller\u00eda, Mar\u00eda Zaj\u00e1rova, diciendo en &hellip;<\/p>\n","protected":false},"author":35,"featured_media":321220,"comment_status":"closed","ping_status":"closed","sticky":false,"template":"","format":"standard","meta":{"footnotes":""},"categories":[597,456,16687,20724,467,7541],"tags":[],"class_list":["post-321219","post","type-post","status-publish","format-standard","has-post-thumbnail","","category-cinta-de-noticias","category-arabe-internacional-politica","category-internacionales","category-minuto-a-minuto","category-siria-y-el-mundo","category-ultimas-noticias"],"_links":{"self":[{"href":"https:\/\/archive.sana.sy\/es\/index.php?rest_route=\/wp\/v2\/posts\/321219"}],"collection":[{"href":"https:\/\/archive.sana.sy\/es\/index.php?rest_route=\/wp\/v2\/posts"}],"about":[{"href":"https:\/\/archive.sana.sy\/es\/index.php?rest_route=\/wp\/v2\/types\/post"}],"author":[{"embeddable":true,"href":"https:\/\/archive.sana.sy\/es\/index.php?rest_route=\/wp\/v2\/users\/35"}],"replies":[{"embeddable":true,"href":"https:\/\/archive.sana.sy\/es\/index.php?rest_route=%2Fwp%2Fv2%2Fcomments&post=321219"}],"version-history":[{"count":2,"href":"https:\/\/archive.sana.sy\/es\/index.php?rest_route=\/wp\/v2\/posts\/321219\/revisions"}],"predecessor-version":[{"id":321222,"href":"https:\/\/archive.sana.sy\/es\/index.php?rest_route=\/wp\/v2\/posts\/321219\/revisions\/321222"}],"wp:featuredmedia":[{"embeddable":true,"href":"https:\/\/archive.sana.sy\/es\/index.php?rest_route=\/wp\/v2\/media\/321220"}],"wp:attachment":[{"href":"https:\/\/archive.sana.sy\/es\/index.php?rest_route=%2Fwp%2Fv2%2Fmedia&parent=321219"}],"wp:term":[{"taxonomy":"category","embeddable":true,"href":"https:\/\/archive.sana.sy\/es\/index.php?rest_route=%2Fwp%2Fv2%2Fcategories&post=321219"},{"taxonomy":"post_tag","embeddable":true,"href":"https:\/\/archive.sana.sy\/es\/index.php?rest_route=%2Fwp%2Fv2%2Ftags&post=321219"}],"curies":[{"name":"wp","href":"https:\/\/api.w.org\/{rel}","templated":true}]}}