{"id":321226,"date":"2024-02-04T12:36:06","date_gmt":"2024-02-04T09:36:06","guid":{"rendered":"https:\/\/sana.sy\/es\/?p=321226"},"modified":"2024-02-04T12:36:46","modified_gmt":"2024-02-04T09:36:46","slug":"eeuu-no-lograra-nada-atacando-a-siria-e-irak","status":"publish","type":"post","link":"https:\/\/archive.sana.sy\/es\/?p=321226","title":{"rendered":"EEUU no lograr\u00e1 nada atacando a Siria e Irak"},"content":{"rendered":"<blockquote>\n<p style=\"text-align: justify;\"><span style=\"color: #800000;\">De acuerdo a analistas en seguridad, &#8220;el impacto real sobre el terreno es m\u00ednimo&#8221; y un cese de la agresi\u00f3n israel\u00ed contra la Franja de Gaza &#8220;har\u00eda m\u00e1s por calmar las tensiones en Oriente Medio&#8221;.<\/span><\/p>\n<\/blockquote>\n<p style=\"text-align: justify;\"><span style=\"color: #800000;\"><strong>Washington, 4 feb (SANA)<\/strong> <\/span>Las recientes agresiones de EE.UU. contra Siria e Iraq no ayudar\u00e1n a evitar nuevos ataques contra las bases ilegales de las fuerzas de ocupaci\u00f3n estadounidenses ni a resolver la situaci\u00f3n en la regi\u00f3n en su conjunto, seg\u00fan un art\u00edculo de an\u00e1lisis de The Wall Street Journal publicado este fin de semana.<\/p>\n<p style=\"text-align: justify;\">De acuerdo a analistas en seguridad, &#8220;el impacto real sobre el terreno es m\u00ednimo&#8221; y aseguraron que un cese de la agresi\u00f3n israel\u00ed contra la Franja de Gaza &#8220;har\u00eda m\u00e1s por calmar las tensiones en Oriente Medio&#8221;.<\/p>\n<p style=\"text-align: justify;\">Las fuerzas de Washington lanzaron al amanecer de este s\u00e1bado una flagrante agresi\u00f3n a\u00e9rea contra varios puntos y localidades en la regi\u00f3n oriental de Siria y cerca de las fronteras siria-iraqu\u00ed, lo que provoc\u00f3 la muerte de varios civiles y soldados, y heridas a otros, as\u00ed como da\u00f1os importantes a la propiedad p\u00fablica y privada.<\/p>\n<p style=\"text-align: justify;\"><strong>fm\/ws<\/strong><\/p>\n","protected":false},"excerpt":{"rendered":"<p>De acuerdo a analistas en seguridad, &#8220;el impacto real sobre el terreno es m\u00ednimo&#8221; y un cese de la agresi\u00f3n israel\u00ed contra la Franja de Gaza &#8220;har\u00eda m\u00e1s por calmar las tensiones en Oriente Medio&#8221;. Washington, 4 feb (SANA) Las recientes agresiones de EE.UU. contra Siria e Iraq no ayudar\u00e1n a evitar nuevos ataques contra &hellip;<\/p>\n","protected":false},"author":35,"featured_media":321227,"comment_status":"closed","ping_status":"closed","sticky":false,"template":"","format":"standard","meta":{"footnotes":""},"categories":[597,456,16687,20724,467,7541],"tags":[],"class_list":["post-321226","post","type-post","status-publish","format-standard","has-post-thumbnail","","category-cinta-de-noticias","category-arabe-internacional-politica","category-internacionales","category-minuto-a-minuto","category-siria-y-el-mundo","category-ultimas-noticias"],"_links":{"self":[{"href":"https:\/\/archive.sana.sy\/es\/index.php?rest_route=\/wp\/v2\/posts\/321226"}],"collection":[{"href":"https:\/\/archive.sana.sy\/es\/index.php?rest_route=\/wp\/v2\/posts"}],"about":[{"href":"https:\/\/archive.sana.sy\/es\/index.php?rest_route=\/wp\/v2\/types\/post"}],"author":[{"embeddable":true,"href":"https:\/\/archive.sana.sy\/es\/index.php?rest_route=\/wp\/v2\/users\/35"}],"replies":[{"embeddable":true,"href":"https:\/\/archive.sana.sy\/es\/index.php?rest_route=%2Fwp%2Fv2%2Fcomments&post=321226"}],"version-history":[{"count":2,"href":"https:\/\/archive.sana.sy\/es\/index.php?rest_route=\/wp\/v2\/posts\/321226\/revisions"}],"predecessor-version":[{"id":321229,"href":"https:\/\/archive.sana.sy\/es\/index.php?rest_route=\/wp\/v2\/posts\/321226\/revisions\/321229"}],"wp:featuredmedia":[{"embeddable":true,"href":"https:\/\/archive.sana.sy\/es\/index.php?rest_route=\/wp\/v2\/media\/321227"}],"wp:attachment":[{"href":"https:\/\/archive.sana.sy\/es\/index.php?rest_route=%2Fwp%2Fv2%2Fmedia&parent=321226"}],"wp:term":[{"taxonomy":"category","embeddable":true,"href":"https:\/\/archive.sana.sy\/es\/index.php?rest_route=%2Fwp%2Fv2%2Fcategories&post=321226"},{"taxonomy":"post_tag","embeddable":true,"href":"https:\/\/archive.sana.sy\/es\/index.php?rest_route=%2Fwp%2Fv2%2Ftags&post=321226"}],"curies":[{"name":"wp","href":"https:\/\/api.w.org\/{rel}","templated":true}]}}