{"id":321230,"date":"2024-02-04T12:52:14","date_gmt":"2024-02-04T09:52:14","guid":{"rendered":"https:\/\/sana.sy\/es\/?p=321230"},"modified":"2024-02-04T12:57:54","modified_gmt":"2024-02-04T09:57:54","slug":"canciller-de-oman-la-agresion-estadounidense-contra-siria-e-iraq-amenaza-la-seguridad-regional","status":"publish","type":"post","link":"https:\/\/archive.sana.sy\/es\/?p=321230","title":{"rendered":"Canciller de Om\u00e1n: La agresi\u00f3n estadounidense contra Siria e Iraq amenaza la seguridad regional"},"content":{"rendered":"<blockquote>\n<p style=\"text-align: justify;\"><span style=\"color: #800000;\">Asegur\u00f3, adem\u00e1s, que su pa\u00eds sigue con gran preocupaci\u00f3n la continua escalada en la regi\u00f3n sin soluci\u00f3n ni freno a la agresi\u00f3n israel\u00ed a la Franja de Gaza, que ha causado decenas de v\u00edctimas, la mayor\u00eda ni\u00f1os y mujeres.<\/span><\/p>\n<\/blockquote>\n<p style=\"text-align: justify;\"><span style=\"color: #800000;\"><strong>Mascate, 4 feb (SANA)<\/strong><\/span> El ministro de Asuntos Exteriores de Om\u00e1n, Badr bin Hamad Al-Busaidi, declar\u00f3 hoy que los ataques estadounidenses a sitios en Siria e Iraq amenazan la seguridad y la estabilidad de la regi\u00f3n.<br \/>\nCitados por la Agencia de Noticias Oman\u00ed, Al-Busaidi dijo que el Sultanato de Om\u00e1n considera que lanzar tales ataques militares amenazar\u00eda la estabilidad y complicar\u00eda los esfuerzos para encontrar soluciones a los desaf\u00edos que enfrenta la regi\u00f3n.<\/p>\n<p style=\"text-align: justify;\">Asegur\u00f3 que su pa\u00eds sigue con gran preocupaci\u00f3n la continua escalada en la regi\u00f3n sin soluci\u00f3n ni freno a la agresi\u00f3n israel\u00ed a la Franja de Gaza, que ha causado decenas de v\u00edctimas, la mayor\u00eda ni\u00f1os y mujeres.<\/p>\n<p style=\"text-align: justify;\">El Canciller explic\u00f3 que la visi\u00f3n del Sultanato de Om\u00e1n es que la \u00fanica soluci\u00f3n pasa por el reconocimiento del Estado palestino independiente y la retirada de las fuerzas de ocupaci\u00f3n israel\u00edes de todos los territorios palestinos ocupados.<\/p>\n<p style=\"text-align: justify;\"><strong>fm\/ws<\/strong><\/p>\n","protected":false},"excerpt":{"rendered":"<p>Asegur\u00f3, adem\u00e1s, que su pa\u00eds sigue con gran preocupaci\u00f3n la continua escalada en la regi\u00f3n sin soluci\u00f3n ni freno a la agresi\u00f3n israel\u00ed a la Franja de Gaza, que ha causado decenas de v\u00edctimas, la mayor\u00eda ni\u00f1os y mujeres. Mascate, 4 feb (SANA) El ministro de Asuntos Exteriores de Om\u00e1n, Badr bin Hamad Al-Busaidi, declar\u00f3 &hellip;<\/p>\n","protected":false},"author":35,"featured_media":321236,"comment_status":"closed","ping_status":"closed","sticky":false,"template":"","format":"standard","meta":{"footnotes":""},"categories":[597,20724,467,583],"tags":[],"class_list":["post-321230","post","type-post","status-publish","format-standard","has-post-thumbnail","","category-cinta-de-noticias","category-minuto-a-minuto","category-siria-y-el-mundo","category-slide"],"_links":{"self":[{"href":"https:\/\/archive.sana.sy\/es\/index.php?rest_route=\/wp\/v2\/posts\/321230"}],"collection":[{"href":"https:\/\/archive.sana.sy\/es\/index.php?rest_route=\/wp\/v2\/posts"}],"about":[{"href":"https:\/\/archive.sana.sy\/es\/index.php?rest_route=\/wp\/v2\/types\/post"}],"author":[{"embeddable":true,"href":"https:\/\/archive.sana.sy\/es\/index.php?rest_route=\/wp\/v2\/users\/35"}],"replies":[{"embeddable":true,"href":"https:\/\/archive.sana.sy\/es\/index.php?rest_route=%2Fwp%2Fv2%2Fcomments&post=321230"}],"version-history":[{"count":2,"href":"https:\/\/archive.sana.sy\/es\/index.php?rest_route=\/wp\/v2\/posts\/321230\/revisions"}],"predecessor-version":[{"id":321233,"href":"https:\/\/archive.sana.sy\/es\/index.php?rest_route=\/wp\/v2\/posts\/321230\/revisions\/321233"}],"wp:featuredmedia":[{"embeddable":true,"href":"https:\/\/archive.sana.sy\/es\/index.php?rest_route=\/wp\/v2\/media\/321236"}],"wp:attachment":[{"href":"https:\/\/archive.sana.sy\/es\/index.php?rest_route=%2Fwp%2Fv2%2Fmedia&parent=321230"}],"wp:term":[{"taxonomy":"category","embeddable":true,"href":"https:\/\/archive.sana.sy\/es\/index.php?rest_route=%2Fwp%2Fv2%2Fcategories&post=321230"},{"taxonomy":"post_tag","embeddable":true,"href":"https:\/\/archive.sana.sy\/es\/index.php?rest_route=%2Fwp%2Fv2%2Ftags&post=321230"}],"curies":[{"name":"wp","href":"https:\/\/api.w.org\/{rel}","templated":true}]}}