{"id":321237,"date":"2024-02-04T13:21:59","date_gmt":"2024-02-04T10:21:59","guid":{"rendered":"https:\/\/sana.sy\/es\/?p=321237"},"modified":"2024-02-05T10:29:59","modified_gmt":"2024-02-05T07:29:59","slug":"israel-asesino-a-127-palestinos-en-gaza-durante-el-ultimo-dia","status":"publish","type":"post","link":"https:\/\/archive.sana.sy\/es\/?p=321237","title":{"rendered":"Israel asesin\u00f3 a 127 palestinos en Gaza durante el \u00faltimo d\u00eda"},"content":{"rendered":"<blockquote>\n<p style=\"text-align: justify;\"><span style=\"color: #800000;\">El Ministerio de Salud palestino elev\u00f3 a 27.365 la cifra total de muertos y a 66.630 la de los heridos durante 121 de guerra israel\u00ed contra Gaza.<\/span><\/p>\n<\/blockquote>\n<p style=\"text-align: justify;\"><span style=\"color: #800000;\"><strong>Jerusal\u00e9n ocupada, 4 feb (SANA)<\/strong> <\/span>El Ministerio de Salud palestino anunci\u00f3 hoy que durante las \u00faltimas 24 horas, las fuerzas del ocupante israel\u00ed cometieron 14 masacres en la Franja de Gaza.<\/p>\n<p style=\"text-align: justify;\">Solo durante el \u00faltimo d\u00eda, 127 personas perdieron la vida y otras 178 resultaron heridas, inform\u00f3 el ente de salud en su parte diario sobre la agresi\u00f3n sionista contra Gaza.<br \/>\nAsimismo, elev\u00f3 a 27.365 la cifra total de muertos y a 66.630 la de los heridos durante 121 de guerra israel\u00ed contra Gaza.<\/p>\n<p style=\"text-align: justify;\">Asimismo, asegur\u00f3 que miles de desaparecido siguen bajos los escombros\u00a0 y los equipos de defensa civiles no pueden acceder a los mismos para recuperar sus cuerpos.<\/p>\n<p>fm\/as<\/p>\n<p style=\"text-align: justify;\">\n","protected":false},"excerpt":{"rendered":"<p>El Ministerio de Salud palestino elev\u00f3 a 27.365 la cifra total de muertos y a 66.630 la de los heridos durante 121 de guerra israel\u00ed contra Gaza. Jerusal\u00e9n ocupada, 4 feb (SANA) El Ministerio de Salud palestino anunci\u00f3 hoy que durante las \u00faltimas 24 horas, las fuerzas del ocupante israel\u00ed cometieron 14 masacres en la &hellip;<\/p>\n","protected":false},"author":35,"featured_media":321238,"comment_status":"closed","ping_status":"closed","sticky":false,"template":"","format":"standard","meta":{"footnotes":""},"categories":[597,456,16687,20724,583],"tags":[],"class_list":["post-321237","post","type-post","status-publish","format-standard","has-post-thumbnail","","category-cinta-de-noticias","category-arabe-internacional-politica","category-internacionales","category-minuto-a-minuto","category-slide"],"_links":{"self":[{"href":"https:\/\/archive.sana.sy\/es\/index.php?rest_route=\/wp\/v2\/posts\/321237"}],"collection":[{"href":"https:\/\/archive.sana.sy\/es\/index.php?rest_route=\/wp\/v2\/posts"}],"about":[{"href":"https:\/\/archive.sana.sy\/es\/index.php?rest_route=\/wp\/v2\/types\/post"}],"author":[{"embeddable":true,"href":"https:\/\/archive.sana.sy\/es\/index.php?rest_route=\/wp\/v2\/users\/35"}],"replies":[{"embeddable":true,"href":"https:\/\/archive.sana.sy\/es\/index.php?rest_route=%2Fwp%2Fv2%2Fcomments&post=321237"}],"version-history":[{"count":5,"href":"https:\/\/archive.sana.sy\/es\/index.php?rest_route=\/wp\/v2\/posts\/321237\/revisions"}],"predecessor-version":[{"id":321285,"href":"https:\/\/archive.sana.sy\/es\/index.php?rest_route=\/wp\/v2\/posts\/321237\/revisions\/321285"}],"wp:featuredmedia":[{"embeddable":true,"href":"https:\/\/archive.sana.sy\/es\/index.php?rest_route=\/wp\/v2\/media\/321238"}],"wp:attachment":[{"href":"https:\/\/archive.sana.sy\/es\/index.php?rest_route=%2Fwp%2Fv2%2Fmedia&parent=321237"}],"wp:term":[{"taxonomy":"category","embeddable":true,"href":"https:\/\/archive.sana.sy\/es\/index.php?rest_route=%2Fwp%2Fv2%2Fcategories&post=321237"},{"taxonomy":"post_tag","embeddable":true,"href":"https:\/\/archive.sana.sy\/es\/index.php?rest_route=%2Fwp%2Fv2%2Ftags&post=321237"}],"curies":[{"name":"wp","href":"https:\/\/api.w.org\/{rel}","templated":true}]}}