{"id":321248,"date":"2024-02-04T16:02:56","date_gmt":"2024-02-04T13:02:56","guid":{"rendered":"https:\/\/sana.sy\/es\/?p=321248"},"modified":"2024-02-04T16:02:56","modified_gmt":"2024-02-04T13:02:56","slug":"estados-unidos-y-gran-bretana-alimentan-el-caos-en-la-region-denuncia-teheran","status":"publish","type":"post","link":"https:\/\/archive.sana.sy\/es\/?p=321248","title":{"rendered":"Estados Unidos y Gran Breta\u00f1a alimentan el caos en la regi\u00f3n, denuncia Teher\u00e1n"},"content":{"rendered":"<p style=\"text-align: justify;\"><span style=\"color: #800000;\"><strong>Teher\u00e1n, 4 feb (SANA)<\/strong><\/span> El Ministerio de Asuntos Exteriores iran\u00ed consider\u00f3 hoy que el pleno apoyo estadounidense y brit\u00e1nico a Israel y sus acciones militares en la regi\u00f3n est\u00e1n alimentando el caos y la inseguridad.<\/p>\n<p style=\"text-align: justify;\">\u201cLas agresiones militares estadounidenses y brit\u00e1nicas contra los pa\u00edses de la regi\u00f3n reflejan la continuaci\u00f3n de la pol\u00edtica y el enfoque belicista y equivocado de estos dos pa\u00edses para lograr sus objetivos ileg\u00edtimos en la regi\u00f3n\u201d, dijo el portavoz del ministerio, Nasser Kanaani, citado por IRNA.<\/p>\n<p style=\"text-align: justify;\">Asegur\u00f3 que esto contradice claramente las repetidas afirmaciones de Washington y Londres de que no quieren ampliar el alcance de la guerra y el conflicto en la regi\u00f3n\u201d.<\/p>\n<p style=\"text-align: justify;\">\u201cEl apoyo constante a la entidad sionista crea una salida permanente para que esta contin\u00fae sus cr\u00edmenes de genocidio que comete contra los palestinos, y enfatiz\u00f3 que la comunidad internacional debe responsabilizar a Estados Unidos y Gran Breta\u00f1a por sus actos hostiles.<\/p>\n<p style=\"text-align: justify;\">fm\/as<\/p>\n","protected":false},"excerpt":{"rendered":"<p>Teher\u00e1n, 4 feb (SANA) El Ministerio de Asuntos Exteriores iran\u00ed consider\u00f3 hoy que el pleno apoyo estadounidense y brit\u00e1nico a Israel y sus acciones militares en la regi\u00f3n est\u00e1n alimentando el caos y la inseguridad. \u201cLas agresiones militares estadounidenses y brit\u00e1nicas contra los pa\u00edses de la regi\u00f3n reflejan la continuaci\u00f3n de la pol\u00edtica y el &hellip;<\/p>\n","protected":false},"author":42,"featured_media":321249,"comment_status":"closed","ping_status":"closed","sticky":false,"template":"","format":"standard","meta":{"footnotes":""},"categories":[597,456,16687,20724,7541],"tags":[],"class_list":["post-321248","post","type-post","status-publish","format-standard","has-post-thumbnail","","category-cinta-de-noticias","category-arabe-internacional-politica","category-internacionales","category-minuto-a-minuto","category-ultimas-noticias"],"_links":{"self":[{"href":"https:\/\/archive.sana.sy\/es\/index.php?rest_route=\/wp\/v2\/posts\/321248"}],"collection":[{"href":"https:\/\/archive.sana.sy\/es\/index.php?rest_route=\/wp\/v2\/posts"}],"about":[{"href":"https:\/\/archive.sana.sy\/es\/index.php?rest_route=\/wp\/v2\/types\/post"}],"author":[{"embeddable":true,"href":"https:\/\/archive.sana.sy\/es\/index.php?rest_route=\/wp\/v2\/users\/42"}],"replies":[{"embeddable":true,"href":"https:\/\/archive.sana.sy\/es\/index.php?rest_route=%2Fwp%2Fv2%2Fcomments&post=321248"}],"version-history":[{"count":1,"href":"https:\/\/archive.sana.sy\/es\/index.php?rest_route=\/wp\/v2\/posts\/321248\/revisions"}],"predecessor-version":[{"id":321250,"href":"https:\/\/archive.sana.sy\/es\/index.php?rest_route=\/wp\/v2\/posts\/321248\/revisions\/321250"}],"wp:featuredmedia":[{"embeddable":true,"href":"https:\/\/archive.sana.sy\/es\/index.php?rest_route=\/wp\/v2\/media\/321249"}],"wp:attachment":[{"href":"https:\/\/archive.sana.sy\/es\/index.php?rest_route=%2Fwp%2Fv2%2Fmedia&parent=321248"}],"wp:term":[{"taxonomy":"category","embeddable":true,"href":"https:\/\/archive.sana.sy\/es\/index.php?rest_route=%2Fwp%2Fv2%2Fcategories&post=321248"},{"taxonomy":"post_tag","embeddable":true,"href":"https:\/\/archive.sana.sy\/es\/index.php?rest_route=%2Fwp%2Fv2%2Ftags&post=321248"}],"curies":[{"name":"wp","href":"https:\/\/api.w.org\/{rel}","templated":true}]}}