{"id":321259,"date":"2024-02-04T18:39:18","date_gmt":"2024-02-04T15:39:18","guid":{"rendered":"https:\/\/sana.sy\/es\/?p=321259"},"modified":"2024-02-04T20:10:30","modified_gmt":"2024-02-04T17:10:30","slug":"el-minuto-a-minuto-de-la-agresion-israeli-a-gaza-27","status":"publish","type":"post","link":"https:\/\/archive.sana.sy\/es\/?p=321259","title":{"rendered":"El minuto a minuto de la agresi\u00f3n israel\u00ed a Gaza"},"content":{"rendered":"<p style=\"text-align: justify;\"><strong><span style=\"color: #800000;\">Jerusal\u00e9n ocupada, 4 feb (SANA)<\/span> A continuaci\u00f3n, los desarrollos m\u00e1s recientes sobre la agresi\u00f3n israel\u00ed contra la Franja de Gaza:<\/strong><\/p>\n<p style=\"text-align: justify;\">???????? Resistencia Palestina confirma la destrucci\u00f3n total o parcial de 43 veh\u00edculos militares del ocupante israel\u00ed y la erradicaci\u00f3n de 15 soldados sionistas en Gaza durante los \u00faltimos d\u00edas.<\/p>\n<p style=\"text-align: justify;\">????????\u00a0 La Resistencia palestina ataca con obuses tres tanques &#8220;Merkava&#8221; de la ocupaci\u00f3n israel\u00ed en la zona de Al-Sinaa, al suroeste de la ciudad de Gaza<\/p>\n<p style=\"text-align: justify;\"><img decoding=\"async\" class=\"emoji tie-appear\" role=\"img\" draggable=\"false\" src=\"https:\/\/s.w.org\/images\/core\/emoji\/14.0.0\/svg\/1f1f5-1f1f8.svg\" alt=\"????????\" \/>\u00a0 Ministerio de Salud palestino: Durante las \u00faltimas 24 horas, la ocupaci\u00f3n israel\u00ed cometi\u00f3 14 masacres en la Franja de Gaza, provocando la muerte a 127 civiles y heridas a 178<\/p>\n<p style=\"text-align: justify;\"><img decoding=\"async\" class=\"emoji tie-appear\" role=\"img\" draggable=\"false\" src=\"https:\/\/s.w.org\/images\/core\/emoji\/14.0.0\/svg\/1f1f5-1f1f8.svg\" alt=\"????????\" \/> Ministerio de Salud palestino eleva a 27.365 la cifra de muertos y a 66.630 la de los heridos durante 121 de guerra israel\u00ed contra Gaza<\/p>\n<p style=\"text-align: justify;\">????????\u00a0 UNICEF ha estimado que m\u00e1s de 1.000 ni\u00f1os en Gaza perdieron una o ambas piernas desde el inicio de la guerra<\/p>\n<p style=\"text-align: justify;\"><img decoding=\"async\" class=\"emoji tie-appear\" role=\"img\" draggable=\"false\" src=\"https:\/\/s.w.org\/images\/core\/emoji\/14.0.0\/svg\/1f1f5-1f1f8.svg\" alt=\"????????\" \/> El ocupante israel\u00ed reconoce la muerte de un soldados durante los enfrentamientos con la resistencia palestina en el sur de la Franja de Gaza<\/p>\n<p style=\"text-align: justify;\"><img decoding=\"async\" class=\"emoji tie-appear\" role=\"img\" draggable=\"false\" src=\"https:\/\/s.w.org\/images\/core\/emoji\/14.0.0\/svg\/1f1f5-1f1f8.svg\" alt=\"????????\" \/>\u00a0 14 muertos y varios heridos en un bombardeo israel\u00ed contra viviendas en Deir al-Balah, en el centro de la Franja de Gaza<\/p>\n<p style=\"text-align: justify;\"><img decoding=\"async\" class=\"emoji tie-appear\" role=\"img\" draggable=\"false\" src=\"https:\/\/s.w.org\/images\/core\/emoji\/14.0.0\/svg\/1f1f5-1f1f8.svg\" alt=\"????????\" \/>\u00a0 La Resistencia palestina destruye proyectiles antiblindaje un tanque de la ocupaci\u00f3n israel\u00ed en la encrucijada de la localidad de Al-Sinaa en la ciudad de Gaza<\/p>\n<p style=\"text-align: justify;\"><img decoding=\"async\" class=\"emoji tie-appear\" role=\"img\" draggable=\"false\" src=\"https:\/\/s.w.org\/images\/core\/emoji\/14.0.0\/svg\/1f1f5-1f1f8.svg\" alt=\"????????\" \/>\u00a0 Muertos y heridos en un bombardeo a\u00e9reo israel\u00ed sobre la ciudad de Rafah, al sur de la Franja de Gaza<\/p>\n<p style=\"text-align: justify;\"><img decoding=\"async\" class=\"emoji tie-appear\" role=\"img\" draggable=\"false\" src=\"https:\/\/s.w.org\/images\/core\/emoji\/14.0.0\/svg\/1f1f5-1f1f8.svg\" alt=\"????????\" \/> <a href=\"https:\/\/sanasyria.org\/es\/?p=321237\">Israel asesin\u00f3 a 127 palestinos en Gaza durante el \u00faltimo d\u00eda<\/a><\/p>\n<p style=\"text-align: justify;\"><img decoding=\"async\" class=\"emoji tie-appear\" role=\"img\" draggable=\"false\" src=\"https:\/\/s.w.org\/images\/core\/emoji\/14.0.0\/svg\/1f1f5-1f1f8.svg\" alt=\"????????\" \/>\u00a0 <a href=\"https:\/\/sanasyria.org\/es\/?p=321251\">Cifras del genocidio israel\u00ed contra Gaza<\/a><\/p>\n<p style=\"text-align: justify;\"><img decoding=\"async\" class=\"emoji tie-appear\" role=\"img\" draggable=\"false\" src=\"https:\/\/s.w.org\/images\/core\/emoji\/14.0.0\/svg\/1f1f5-1f1f8.svg\" alt=\"????????\" \/>\u00a0 (Video) <a href=\"https:\/\/t.me\/AgenciasiriaSANA\/48795\">Una mezquita en Deir Al-Balah, Gaza, fue destruida por bombardeos a\u00e9reos israel\u00edes<\/a><\/p>\n<p style=\"text-align: justify;\"><img decoding=\"async\" class=\"emoji tie-appear\" role=\"img\" draggable=\"false\" src=\"https:\/\/s.w.org\/images\/core\/emoji\/14.0.0\/svg\/1f1f5-1f1f8.svg\" alt=\"????????\" \/>\u00a0 (Fotos) <a href=\"https:\/\/t.me\/AgenciasiriaSANA\/48784\">Reportan ataque israel\u00ed contra un veh\u00edculo civil en Rafah<\/a><\/p>\n<p style=\"text-align: justify;\">\n","protected":false},"excerpt":{"rendered":"<p>Jerusal\u00e9n ocupada, 4 feb (SANA) A continuaci\u00f3n, los desarrollos m\u00e1s recientes sobre la agresi\u00f3n israel\u00ed contra la Franja de Gaza: ???????? Resistencia Palestina confirma la destrucci\u00f3n total o parcial de 43 veh\u00edculos militares del ocupante israel\u00ed y la erradicaci\u00f3n de 15 soldados sionistas en Gaza durante los \u00faltimos d\u00edas. ????????\u00a0 La Resistencia palestina ataca con &hellip;<\/p>\n","protected":false},"author":31,"featured_media":321260,"comment_status":"closed","ping_status":"closed","sticky":false,"template":"","format":"standard","meta":{"footnotes":""},"categories":[597,456,16687,7541],"tags":[12002,1494],"class_list":["post-321259","post","type-post","status-publish","format-standard","has-post-thumbnail","","category-cinta-de-noticias","category-arabe-internacional-politica","category-internacionales","category-ultimas-noticias","tag-gaza","tag-palestina"],"_links":{"self":[{"href":"https:\/\/archive.sana.sy\/es\/index.php?rest_route=\/wp\/v2\/posts\/321259"}],"collection":[{"href":"https:\/\/archive.sana.sy\/es\/index.php?rest_route=\/wp\/v2\/posts"}],"about":[{"href":"https:\/\/archive.sana.sy\/es\/index.php?rest_route=\/wp\/v2\/types\/post"}],"author":[{"embeddable":true,"href":"https:\/\/archive.sana.sy\/es\/index.php?rest_route=\/wp\/v2\/users\/31"}],"replies":[{"embeddable":true,"href":"https:\/\/archive.sana.sy\/es\/index.php?rest_route=%2Fwp%2Fv2%2Fcomments&post=321259"}],"version-history":[{"count":5,"href":"https:\/\/archive.sana.sy\/es\/index.php?rest_route=\/wp\/v2\/posts\/321259\/revisions"}],"predecessor-version":[{"id":321267,"href":"https:\/\/archive.sana.sy\/es\/index.php?rest_route=\/wp\/v2\/posts\/321259\/revisions\/321267"}],"wp:featuredmedia":[{"embeddable":true,"href":"https:\/\/archive.sana.sy\/es\/index.php?rest_route=\/wp\/v2\/media\/321260"}],"wp:attachment":[{"href":"https:\/\/archive.sana.sy\/es\/index.php?rest_route=%2Fwp%2Fv2%2Fmedia&parent=321259"}],"wp:term":[{"taxonomy":"category","embeddable":true,"href":"https:\/\/archive.sana.sy\/es\/index.php?rest_route=%2Fwp%2Fv2%2Fcategories&post=321259"},{"taxonomy":"post_tag","embeddable":true,"href":"https:\/\/archive.sana.sy\/es\/index.php?rest_route=%2Fwp%2Fv2%2Ftags&post=321259"}],"curies":[{"name":"wp","href":"https:\/\/api.w.org\/{rel}","templated":true}]}}