{"id":32127,"date":"2015-10-23T16:01:33","date_gmt":"2015-10-23T13:01:33","guid":{"rendered":"http:\/\/sana.sy\/es\/?p=32127"},"modified":"2015-10-23T16:01:33","modified_gmt":"2015-10-23T13:01:33","slug":"iran-responsabiliza-a-israel-ante-el-csnu-por-desequilibrar-oriente-medio","status":"publish","type":"post","link":"https:\/\/archive.sana.sy\/es\/?p=32127","title":{"rendered":"Ir\u00e1n responsabiliza a Israel ante el CSNU por desequilibrar Oriente Medio"},"content":{"rendered":"<p style=\"text-align: justify\"><span style=\"color: #800000\">Teher\u00e1n, SANA<\/span>&#8211; Ir\u00e1n ha denunciado al r\u00e9gimen israel\u00ed ante el Consejo de Seguridad de las Naciones Unidas (CSNU) por desestabilizar Oriente Medio.<\/p>\n<p style=\"text-align: justify\">\u201cEl r\u00e9gimen israel\u00ed es el origen de todas las inestabilidades y desesperanzas de Oriente Medio. Ya es hora de poner fin a los cr\u00edmenes y a la ocupaci\u00f3n israel\u00edes\u201d, declar\u00f3 el jueves el representante permanente de Ir\u00e1n ante la ONU, Qolamali Joshru, en un discurso ante el CSNU.<\/p>\n<p style=\"text-align: justify\">En estos d\u00edas, prosigui\u00f3, el mundo vuelve a ser testigo del sufrimiento y dolor del pueblo palestino y de su privaci\u00f3n de los derechos m\u00e1s b\u00e1sicos; dolorosos motivos que hacen que, una vez m\u00e1s, el Movimiento No Alineado (MNA) reitere su permanente postura de solidaridad con el pueblo palestino y con sus derechos inalienables.<\/p>\n<p style=\"text-align: justify\">A continuaci\u00f3n, se refiri\u00f3 a la actual coyuntura en los territorios ocupados de Palestina, en particular en Al-Quds (Jerusal\u00e9n), y alert\u00f3 sobre una situaci\u00f3n que, a su juicio, se vuelve m\u00e1s tensa cada d\u00eda que pasa.<\/p>\n<p style=\"text-align: justify\">El diplom\u00e1tico iran\u00ed responsabiliz\u00f3 a Israel de la situaci\u00f3n presente, resultado directo de los actos criminales del r\u00e9gimen de Tel Aviv contra el pueblo palestino, seg\u00fan el diplom\u00e1tico.<\/p>\n<p>M.Miri<\/p>\n","protected":false},"excerpt":{"rendered":"<p>Teher\u00e1n, SANA&#8211; Ir\u00e1n ha denunciado al r\u00e9gimen israel\u00ed ante el Consejo de Seguridad de las Naciones Unidas (CSNU) por desestabilizar Oriente Medio. \u201cEl r\u00e9gimen israel\u00ed es el origen de todas las inestabilidades y desesperanzas de Oriente Medio. Ya es hora de poner fin a los cr\u00edmenes y a la ocupaci\u00f3n israel\u00edes\u201d, declar\u00f3 el jueves el &hellip;<\/p>\n","protected":false},"author":1,"featured_media":32128,"comment_status":"closed","ping_status":"closed","sticky":false,"template":"","format":"standard","meta":{"footnotes":""},"categories":[456,457,576],"tags":[7151],"class_list":["post-32127","post","type-post","status-publish","format-standard","has-post-thumbnail","","category-arabe-internacional-politica","category-noticias-arabe-internacional-politica","category-noticias-politicas","tag-iran-responsabiliza-a-israel-ante-el-csnu-por-desequilibrar-oriente-medio"],"_links":{"self":[{"href":"https:\/\/archive.sana.sy\/es\/index.php?rest_route=\/wp\/v2\/posts\/32127"}],"collection":[{"href":"https:\/\/archive.sana.sy\/es\/index.php?rest_route=\/wp\/v2\/posts"}],"about":[{"href":"https:\/\/archive.sana.sy\/es\/index.php?rest_route=\/wp\/v2\/types\/post"}],"author":[{"embeddable":true,"href":"https:\/\/archive.sana.sy\/es\/index.php?rest_route=\/wp\/v2\/users\/1"}],"replies":[{"embeddable":true,"href":"https:\/\/archive.sana.sy\/es\/index.php?rest_route=%2Fwp%2Fv2%2Fcomments&post=32127"}],"version-history":[{"count":0,"href":"https:\/\/archive.sana.sy\/es\/index.php?rest_route=\/wp\/v2\/posts\/32127\/revisions"}],"wp:featuredmedia":[{"embeddable":true,"href":"https:\/\/archive.sana.sy\/es\/index.php?rest_route=\/wp\/v2\/media\/32128"}],"wp:attachment":[{"href":"https:\/\/archive.sana.sy\/es\/index.php?rest_route=%2Fwp%2Fv2%2Fmedia&parent=32127"}],"wp:term":[{"taxonomy":"category","embeddable":true,"href":"https:\/\/archive.sana.sy\/es\/index.php?rest_route=%2Fwp%2Fv2%2Fcategories&post=32127"},{"taxonomy":"post_tag","embeddable":true,"href":"https:\/\/archive.sana.sy\/es\/index.php?rest_route=%2Fwp%2Fv2%2Ftags&post=32127"}],"curies":[{"name":"wp","href":"https:\/\/api.w.org\/{rel}","templated":true}]}}